{"id":9192,"date":"2025-10-22T16:27:52","date_gmt":"2025-10-22T14:27:52","guid":{"rendered":"https:\/\/agora.xtec.cat\/ceip-agsantandreu\/?p=9192"},"modified":"2025-10-22T16:27:52","modified_gmt":"2025-10-22T14:27:52","slug":"poble-espany0l-2n","status":"publish","type":"post","link":"https:\/\/agora.xtec.cat\/ceip-agsantandreu\/general\/poble-espany0l-2n\/","title":{"rendered":"POBLE ESPANY0L 2n"},"content":{"rendered":"<p>L&#8217;alumnat de 2n ha visitat el Poble Espanyol a Barcelona. Han fet un taller molt interessant que consistia en pintar banderoles de seda i despr\u00e9s han visitat a la Lourdes, una artesana que treballa all\u00e0 i que es dedica a fer artesania sobre la tela de seda. Despr\u00e9s, han fet un tomb pel recinte i finalment han dinat en un espai obert a dintre del mateix\u00a0 Poble Espanyol. Han passat un bon dia i han apr\u00e9s moltes coses sobre els oficis m\u00e9s antics. CLIQUEU A SOBRE DE LA FOTOGRAFIA.<\/p>\n<p><a href=\"https:\/\/photos.app.goo.gl\/jvibp31upudUS9dm9\"><br \/>\n<img loading=\"lazy\" decoding=\"async\" class=\"wp-image-9193 aligncenter\" src=\"https:\/\/agora.xtec.cat\/ceip-agsantandreu\/wp-content\/uploads\/usu37\/2025\/10\/WhatsApp-Image-2025-10-22-at-14.47.22-2-768x1024.jpeg\" alt=\"\" width=\"331\" height=\"441\" srcset=\"https:\/\/agora.xtec.cat\/ceip-agsantandreu\/wp-content\/uploads\/usu37\/2025\/10\/WhatsApp-Image-2025-10-22-at-14.47.22-2-768x1024.jpeg 768w, https:\/\/agora.xtec.cat\/ceip-agsantandreu\/wp-content\/uploads\/usu37\/2025\/10\/WhatsApp-Image-2025-10-22-at-14.47.22-2-225x300.jpeg 225w, https:\/\/agora.xtec.cat\/ceip-agsantandreu\/wp-content\/uploads\/usu37\/2025\/10\/WhatsApp-Image-2025-10-22-at-14.47.22-2-1152x1536.jpeg 1152w, https:\/\/agora.xtec.cat\/ceip-agsantandreu\/wp-content\/uploads\/usu37\/2025\/10\/WhatsApp-Image-2025-10-22-at-14.47.22-2.jpeg 1200w\" sizes=\"auto, (max-width: 331px) 100vw, 331px\" \/><\/a><\/p>\n","protected":false},"excerpt":{"rendered":"<p>L&#8217;alumnat de 2n ha visitat el Poble Espanyol a Barcelona. Han fet un taller molt interessant que consistia en pintar banderoles de seda i despr\u00e9s han visitat a la Lourdes, una artesana que treballa all\u00e0 i que es dedica a fer artesania sobre la tela&hellip;  <a href=\"https:\/\/agora.xtec.cat\/ceip-agsantandreu\/general\/poble-espany0l-2n\/\" title=\"Read POBLE ESPANY0L 2n\">Llegeix m\u00e9s\u00bb<\/a><\/p>\n","protected":false},"author":3,"featured_media":0,"comment_status":"closed","ping_status":"closed","sticky":false,"template":"","format":"standard","meta":{"_bbp_topic_count":0,"_bbp_reply_count":0,"_bbp_total_topic_count":0,"_bbp_total_reply_count":0,"_bbp_voice_count":0,"_bbp_anonymous_reply_count":0,"_bbp_topic_count_hidden":0,"_bbp_reply_count_hidden":0,"_bbp_forum_subforum_count":0,"footnotes":""},"categories":[5,58,1],"tags":[],"class_list":["post-9192","post","type-post","status-publish","format-standard","hentry","category-mitjans","category-mitjans-mitjans","category-general"],"post_mailing_queue_ids":[],"_links":{"self":[{"href":"https:\/\/agora.xtec.cat\/ceip-agsantandreu\/wp-json\/wp\/v2\/posts\/9192","targetHints":{"allow":["GET"]}}],"collection":[{"href":"https:\/\/agora.xtec.cat\/ceip-agsantandreu\/wp-json\/wp\/v2\/posts"}],"about":[{"href":"https:\/\/agora.xtec.cat\/ceip-agsantandreu\/wp-json\/wp\/v2\/types\/post"}],"author":[{"embeddable":true,"href":"https:\/\/agora.xtec.cat\/ceip-agsantandreu\/wp-json\/wp\/v2\/users\/3"}],"replies":[{"embeddable":true,"href":"https:\/\/agora.xtec.cat\/ceip-agsantandreu\/wp-json\/wp\/v2\/comments?post=9192"}],"version-history":[{"count":1,"href":"https:\/\/agora.xtec.cat\/ceip-agsantandreu\/wp-json\/wp\/v2\/posts\/9192\/revisions"}],"predecessor-version":[{"id":9194,"href":"https:\/\/agora.xtec.cat\/ceip-agsantandreu\/wp-json\/wp\/v2\/posts\/9192\/revisions\/9194"}],"wp:attachment":[{"href":"https:\/\/agora.xtec.cat\/ceip-agsantandreu\/wp-json\/wp\/v2\/media?parent=9192"}],"wp:term":[{"taxonomy":"category","embeddable":true,"href":"https:\/\/agora.xtec.cat\/ceip-agsantandreu\/wp-json\/wp\/v2\/categories?post=9192"},{"taxonomy":"post_tag","embeddable":true,"href":"https:\/\/agora.xtec.cat\/ceip-agsantandreu\/wp-json\/wp\/v2\/tags?post=9192"}],"curies":[{"name":"wp","href":"https:\/\/api.w.org\/{rel}","templated":true}]}}