{"id":9188,"date":"2025-10-22T13:57:41","date_gmt":"2025-10-22T11:57:41","guid":{"rendered":"https:\/\/agora.xtec.cat\/ceip-agsantandreu\/?p=9188"},"modified":"2025-10-22T14:04:54","modified_gmt":"2025-10-22T12:04:54","slug":"2n-visita-de-la-colla-de-gegants","status":"publish","type":"post","link":"https:\/\/agora.xtec.cat\/ceip-agsantandreu\/general\/2n-visita-de-la-colla-de-gegants\/","title":{"rendered":"2n &#8211; Visita de la Colla de Gegants"},"content":{"rendered":"<p>Hola fam\u00edlies!<\/p>\n<p>La setmana passada vam tenir la sort de comptar amb la visita de la Colla de Gegants de Sant Andreu de la Barca (Agrupaci\u00f3 Cultural d&#8217;Aig\u00fcestoses) a l&#8217;escola. Va ser una tarda molt entretinguda, on ens van explicar moltes coses sobre la tradici\u00f3 gegantera, vam poder veure i tocar l&#8217;\u00c8tnia i el Dimoni i veure&#8217;ls ballar en directe. Per\u00f2 se&#8217;ns dubte, el que m\u00e9s ens va agradar, va ser poder ficar-nos el capgr\u00f2s i poder aixecar l&#8217;\u00c8tnia. Ha sigut una cloenda magn\u00edfica per a la nostra Situaci\u00f3 d&#8217;Aprenentatge &#8220;Descobrim Sant Andreu&#8221;.<\/p>\n<p>Moltes gr\u00e0cies a tots els que vau fer possible aquesta bonica tarda!!<\/p>\n<p>Per veure m\u00e9s fotografies\u00a0<a href=\"https:\/\/photos.app.goo.gl\/eTB9zcGGHPJ7JAzJA\" target=\"_blank\" rel=\"noopener\">CLICA AQU\u00cd.<\/a><\/p>\n<p><img loading=\"lazy\" decoding=\"async\" class=\"wp-image-9189 aligncenter\" src=\"https:\/\/agora.xtec.cat\/ceip-agsantandreu\/wp-content\/uploads\/usu37\/2025\/10\/IMG-20251022-WA0081-1024x768.jpg\" alt=\"\" width=\"332\" height=\"249\" srcset=\"https:\/\/agora.xtec.cat\/ceip-agsantandreu\/wp-content\/uploads\/usu37\/2025\/10\/IMG-20251022-WA0081-1024x768.jpg 1024w, https:\/\/agora.xtec.cat\/ceip-agsantandreu\/wp-content\/uploads\/usu37\/2025\/10\/IMG-20251022-WA0081-300x225.jpg 300w, https:\/\/agora.xtec.cat\/ceip-agsantandreu\/wp-content\/uploads\/usu37\/2025\/10\/IMG-20251022-WA0081-768x576.jpg 768w, https:\/\/agora.xtec.cat\/ceip-agsantandreu\/wp-content\/uploads\/usu37\/2025\/10\/IMG-20251022-WA0081-1536x1152.jpg 1536w, https:\/\/agora.xtec.cat\/ceip-agsantandreu\/wp-content\/uploads\/usu37\/2025\/10\/IMG-20251022-WA0081-200x150.jpg 200w, https:\/\/agora.xtec.cat\/ceip-agsantandreu\/wp-content\/uploads\/usu37\/2025\/10\/IMG-20251022-WA0081.jpg 1600w\" sizes=\"auto, (max-width: 332px) 100vw, 332px\" \/><\/p>\n","protected":false},"excerpt":{"rendered":"<p>Hola fam\u00edlies!<br \/>\nLa setmana passada vam tenir la sort de comptar amb la visita de la Colla de Gegants de Sant Andreu de la Barca (Agrupaci\u00f3 Cultural d&#8217;Aig\u00fcestoses) a l&#8217;escola. Va ser una tarda molt entretinguda, on ens van explicar moltes coses sobre la tradici\u00f3 gegantera,&hellip;  <a href=\"https:\/\/agora.xtec.cat\/ceip-agsantandreu\/general\/2n-visita-de-la-colla-de-gegants\/\" title=\"Read 2n &#8211; Visita de la Colla de Gegants\">Llegeix m\u00e9s\u00bb<\/a><\/p>\n","protected":false},"author":3,"featured_media":0,"comment_status":"closed","ping_status":"closed","sticky":false,"template":"","format":"standard","meta":{"_bbp_topic_count":0,"_bbp_reply_count":0,"_bbp_total_topic_count":0,"_bbp_total_reply_count":0,"_bbp_voice_count":0,"_bbp_anonymous_reply_count":0,"_bbp_topic_count_hidden":0,"_bbp_reply_count_hidden":0,"_bbp_forum_subforum_count":0,"footnotes":""},"categories":[5,58,1,4],"tags":[],"class_list":["post-9188","post","type-post","status-publish","format-standard","hentry","category-mitjans","category-mitjans-mitjans","category-general","category-portada"],"post_mailing_queue_ids":[],"_links":{"self":[{"href":"https:\/\/agora.xtec.cat\/ceip-agsantandreu\/wp-json\/wp\/v2\/posts\/9188","targetHints":{"allow":["GET"]}}],"collection":[{"href":"https:\/\/agora.xtec.cat\/ceip-agsantandreu\/wp-json\/wp\/v2\/posts"}],"about":[{"href":"https:\/\/agora.xtec.cat\/ceip-agsantandreu\/wp-json\/wp\/v2\/types\/post"}],"author":[{"embeddable":true,"href":"https:\/\/agora.xtec.cat\/ceip-agsantandreu\/wp-json\/wp\/v2\/users\/3"}],"replies":[{"embeddable":true,"href":"https:\/\/agora.xtec.cat\/ceip-agsantandreu\/wp-json\/wp\/v2\/comments?post=9188"}],"version-history":[{"count":2,"href":"https:\/\/agora.xtec.cat\/ceip-agsantandreu\/wp-json\/wp\/v2\/posts\/9188\/revisions"}],"predecessor-version":[{"id":9191,"href":"https:\/\/agora.xtec.cat\/ceip-agsantandreu\/wp-json\/wp\/v2\/posts\/9188\/revisions\/9191"}],"wp:attachment":[{"href":"https:\/\/agora.xtec.cat\/ceip-agsantandreu\/wp-json\/wp\/v2\/media?parent=9188"}],"wp:term":[{"taxonomy":"category","embeddable":true,"href":"https:\/\/agora.xtec.cat\/ceip-agsantandreu\/wp-json\/wp\/v2\/categories?post=9188"},{"taxonomy":"post_tag","embeddable":true,"href":"https:\/\/agora.xtec.cat\/ceip-agsantandreu\/wp-json\/wp\/v2\/tags?post=9188"}],"curies":[{"name":"wp","href":"https:\/\/api.w.org\/{rel}","templated":true}]}}