{"id":9158,"date":"2025-10-14T10:37:56","date_gmt":"2025-10-14T08:37:56","guid":{"rendered":"https:\/\/agora.xtec.cat\/ceip-agsantandreu\/?p=9158"},"modified":"2025-10-14T10:38:13","modified_gmt":"2025-10-14T08:38:13","slug":"ecodelegats-en-marxa","status":"publish","type":"post","link":"https:\/\/agora.xtec.cat\/ceip-agsantandreu\/general\/ecodelegats-en-marxa\/","title":{"rendered":"ECODELEGATS EN MARXA!"},"content":{"rendered":"<p>Els ecodelegats i ecodelegades de l&#8217;escola inicien la seva etapa aquest curs 25\/26.<\/p>\n<p>Aquesta primera reuni\u00f3 va servir per posar en com\u00fa les seves compet\u00e8ncies i com treballar per tal que la nostra escola sigui un indret m\u00e9s respectu\u00f3s amb el medi ambient.<\/p>\n<p>Us deixem una imatges de l&#8217;alumnat que ja ha escrit el seu nom en el projecte &#8220;Greenmer\u00e0&#8221;!<\/p>\n<p><a href=\"https:\/\/agora.xtec.cat\/ceip-agsantandreu\/wp-content\/uploads\/usu37\/2025\/10\/WhatsApp-Image-2025-10-13-at-14.52.24.jpeg\"><img loading=\"lazy\" decoding=\"async\" class=\"aligncenter size-large wp-image-9159\" src=\"https:\/\/agora.xtec.cat\/ceip-agsantandreu\/wp-content\/uploads\/usu37\/2025\/10\/WhatsApp-Image-2025-10-13-at-14.52.24-1024x769.jpeg\" alt=\"\" width=\"1024\" height=\"769\" srcset=\"https:\/\/agora.xtec.cat\/ceip-agsantandreu\/wp-content\/uploads\/usu37\/2025\/10\/WhatsApp-Image-2025-10-13-at-14.52.24-1024x769.jpeg 1024w, https:\/\/agora.xtec.cat\/ceip-agsantandreu\/wp-content\/uploads\/usu37\/2025\/10\/WhatsApp-Image-2025-10-13-at-14.52.24-300x225.jpeg 300w, https:\/\/agora.xtec.cat\/ceip-agsantandreu\/wp-content\/uploads\/usu37\/2025\/10\/WhatsApp-Image-2025-10-13-at-14.52.24-768x577.jpeg 768w, https:\/\/agora.xtec.cat\/ceip-agsantandreu\/wp-content\/uploads\/usu37\/2025\/10\/WhatsApp-Image-2025-10-13-at-14.52.24-1536x1154.jpeg 1536w, https:\/\/agora.xtec.cat\/ceip-agsantandreu\/wp-content\/uploads\/usu37\/2025\/10\/WhatsApp-Image-2025-10-13-at-14.52.24-200x150.jpeg 200w, https:\/\/agora.xtec.cat\/ceip-agsantandreu\/wp-content\/uploads\/usu37\/2025\/10\/WhatsApp-Image-2025-10-13-at-14.52.24.jpeg 1600w\" sizes=\"auto, (max-width: 1024px) 100vw, 1024px\" \/><\/a><\/p>\n","protected":false},"excerpt":{"rendered":"<p>Els ecodelegats i ecodelegades de l&#8217;escola inicien la seva etapa aquest curs 25\/26.<br \/>\nAquesta primera reuni\u00f3 va servir per posar en com\u00fa les seves compet\u00e8ncies i com treballar per tal que la nostra escola sigui un indret m\u00e9s respectu\u00f3s amb el medi ambient.<br \/>\nUs deixem una imatges&hellip;  <a href=\"https:\/\/agora.xtec.cat\/ceip-agsantandreu\/general\/ecodelegats-en-marxa\/\" title=\"Read ECODELEGATS EN MARXA!\">Llegeix m\u00e9s\u00bb<\/a><\/p>\n","protected":false},"author":1,"featured_media":0,"comment_status":"closed","ping_status":"closed","sticky":false,"template":"","format":"standard","meta":{"_bbp_topic_count":0,"_bbp_reply_count":0,"_bbp_total_topic_count":0,"_bbp_total_reply_count":0,"_bbp_voice_count":0,"_bbp_anonymous_reply_count":0,"_bbp_topic_count_hidden":0,"_bbp_reply_count_hidden":0,"_bbp_forum_subforum_count":0,"footnotes":""},"categories":[59,1,4],"tags":[],"class_list":["post-9158","post","type-post","status-publish","format-standard","hentry","category-grans","category-general","category-portada"],"post_mailing_queue_ids":[],"_links":{"self":[{"href":"https:\/\/agora.xtec.cat\/ceip-agsantandreu\/wp-json\/wp\/v2\/posts\/9158","targetHints":{"allow":["GET"]}}],"collection":[{"href":"https:\/\/agora.xtec.cat\/ceip-agsantandreu\/wp-json\/wp\/v2\/posts"}],"about":[{"href":"https:\/\/agora.xtec.cat\/ceip-agsantandreu\/wp-json\/wp\/v2\/types\/post"}],"author":[{"embeddable":true,"href":"https:\/\/agora.xtec.cat\/ceip-agsantandreu\/wp-json\/wp\/v2\/users\/1"}],"replies":[{"embeddable":true,"href":"https:\/\/agora.xtec.cat\/ceip-agsantandreu\/wp-json\/wp\/v2\/comments?post=9158"}],"version-history":[{"count":2,"href":"https:\/\/agora.xtec.cat\/ceip-agsantandreu\/wp-json\/wp\/v2\/posts\/9158\/revisions"}],"predecessor-version":[{"id":9161,"href":"https:\/\/agora.xtec.cat\/ceip-agsantandreu\/wp-json\/wp\/v2\/posts\/9158\/revisions\/9161"}],"wp:attachment":[{"href":"https:\/\/agora.xtec.cat\/ceip-agsantandreu\/wp-json\/wp\/v2\/media?parent=9158"}],"wp:term":[{"taxonomy":"category","embeddable":true,"href":"https:\/\/agora.xtec.cat\/ceip-agsantandreu\/wp-json\/wp\/v2\/categories?post=9158"},{"taxonomy":"post_tag","embeddable":true,"href":"https:\/\/agora.xtec.cat\/ceip-agsantandreu\/wp-json\/wp\/v2\/tags?post=9158"}],"curies":[{"name":"wp","href":"https:\/\/api.w.org\/{rel}","templated":true}]}}