{"id":9153,"date":"2025-10-13T17:12:29","date_gmt":"2025-10-13T15:12:29","guid":{"rendered":"https:\/\/agora.xtec.cat\/ceip-agsantandreu\/?p=9153"},"modified":"2025-10-15T13:58:16","modified_gmt":"2025-10-15T11:58:16","slug":"reunio-de-delegats-a-la-comunitat-de-grans","status":"publish","type":"post","link":"https:\/\/agora.xtec.cat\/ceip-agsantandreu\/general\/reunio-de-delegats-a-la-comunitat-de-grans\/","title":{"rendered":"Reuni\u00f3 de Delegats a la Comunitat de Grans!"},"content":{"rendered":"<p>La setmana passada va tenir lloc la reuni\u00f3 trimestral de delegats i delegades de la Comunitat de grans de l&#8217;escola.<\/p>\n<p>En aquesta reuni\u00f3 es va parlar de com han de desenvolupar el seu c\u00e0rrec, que significa ser representats de les seves classes i quin \u00e9s el comprom\u00eds a assolir amb l&#8217;escola.<\/p>\n<p>Va ser una reuni\u00f3 molt profitosa on van quedar de manifest el grau de responsabilitat que tenen adquirit el nostre alumnat.<\/p>\n<p><a href=\"https:\/\/agora.xtec.cat\/ceip-agsantandreu\/wp-content\/uploads\/usu37\/2025\/10\/Black-and-White-Back-to-School-Collage-Instagram-Post-2.jpg\"><img loading=\"lazy\" decoding=\"async\" class=\"aligncenter size-large wp-image-9169\" src=\"https:\/\/agora.xtec.cat\/ceip-agsantandreu\/wp-content\/uploads\/usu37\/2025\/10\/Black-and-White-Back-to-School-Collage-Instagram-Post-2-1024x1024.jpg\" alt=\"\" width=\"1024\" height=\"1024\" srcset=\"https:\/\/agora.xtec.cat\/ceip-agsantandreu\/wp-content\/uploads\/usu37\/2025\/10\/Black-and-White-Back-to-School-Collage-Instagram-Post-2-1024x1024.jpg 1024w, https:\/\/agora.xtec.cat\/ceip-agsantandreu\/wp-content\/uploads\/usu37\/2025\/10\/Black-and-White-Back-to-School-Collage-Instagram-Post-2-300x300.jpg 300w, https:\/\/agora.xtec.cat\/ceip-agsantandreu\/wp-content\/uploads\/usu37\/2025\/10\/Black-and-White-Back-to-School-Collage-Instagram-Post-2-150x150.jpg 150w, https:\/\/agora.xtec.cat\/ceip-agsantandreu\/wp-content\/uploads\/usu37\/2025\/10\/Black-and-White-Back-to-School-Collage-Instagram-Post-2-768x768.jpg 768w, https:\/\/agora.xtec.cat\/ceip-agsantandreu\/wp-content\/uploads\/usu37\/2025\/10\/Black-and-White-Back-to-School-Collage-Instagram-Post-2.jpg 1080w\" sizes=\"auto, (max-width: 1024px) 100vw, 1024px\" \/><\/a><\/p>\n","protected":false},"excerpt":{"rendered":"<p>La setmana passada va tenir lloc la reuni\u00f3 trimestral de delegats i delegades de la Comunitat de grans de l&#8217;escola.<br \/>\nEn aquesta reuni\u00f3 es va parlar de com han de desenvolupar el seu c\u00e0rrec, que significa ser representats de les seves classes i quin \u00e9s el&hellip;  <a href=\"https:\/\/agora.xtec.cat\/ceip-agsantandreu\/general\/reunio-de-delegats-a-la-comunitat-de-grans\/\" title=\"Read Reuni\u00f3 de Delegats a la Comunitat de Grans!\">Llegeix m\u00e9s\u00bb<\/a><\/p>\n","protected":false},"author":1,"featured_media":0,"comment_status":"closed","ping_status":"closed","sticky":false,"template":"","format":"standard","meta":{"_bbp_topic_count":0,"_bbp_reply_count":0,"_bbp_total_topic_count":0,"_bbp_total_reply_count":0,"_bbp_voice_count":0,"_bbp_anonymous_reply_count":0,"_bbp_topic_count_hidden":0,"_bbp_reply_count_hidden":0,"_bbp_forum_subforum_count":0,"footnotes":""},"categories":[59,1,4],"tags":[],"class_list":["post-9153","post","type-post","status-publish","format-standard","hentry","category-grans","category-general","category-portada"],"post_mailing_queue_ids":[],"_links":{"self":[{"href":"https:\/\/agora.xtec.cat\/ceip-agsantandreu\/wp-json\/wp\/v2\/posts\/9153","targetHints":{"allow":["GET"]}}],"collection":[{"href":"https:\/\/agora.xtec.cat\/ceip-agsantandreu\/wp-json\/wp\/v2\/posts"}],"about":[{"href":"https:\/\/agora.xtec.cat\/ceip-agsantandreu\/wp-json\/wp\/v2\/types\/post"}],"author":[{"embeddable":true,"href":"https:\/\/agora.xtec.cat\/ceip-agsantandreu\/wp-json\/wp\/v2\/users\/1"}],"replies":[{"embeddable":true,"href":"https:\/\/agora.xtec.cat\/ceip-agsantandreu\/wp-json\/wp\/v2\/comments?post=9153"}],"version-history":[{"count":3,"href":"https:\/\/agora.xtec.cat\/ceip-agsantandreu\/wp-json\/wp\/v2\/posts\/9153\/revisions"}],"predecessor-version":[{"id":9170,"href":"https:\/\/agora.xtec.cat\/ceip-agsantandreu\/wp-json\/wp\/v2\/posts\/9153\/revisions\/9170"}],"wp:attachment":[{"href":"https:\/\/agora.xtec.cat\/ceip-agsantandreu\/wp-json\/wp\/v2\/media?parent=9153"}],"wp:term":[{"taxonomy":"category","embeddable":true,"href":"https:\/\/agora.xtec.cat\/ceip-agsantandreu\/wp-json\/wp\/v2\/categories?post=9153"},{"taxonomy":"post_tag","embeddable":true,"href":"https:\/\/agora.xtec.cat\/ceip-agsantandreu\/wp-json\/wp\/v2\/tags?post=9153"}],"curies":[{"name":"wp","href":"https:\/\/api.w.org\/{rel}","templated":true}]}}