{"id":9110,"date":"2025-09-30T12:26:31","date_gmt":"2025-09-30T10:26:31","guid":{"rendered":"https:\/\/agora.xtec.cat\/ceip-agsantandreu\/?p=9110"},"modified":"2025-09-30T12:26:31","modified_gmt":"2025-09-30T10:26:31","slug":"2n-sortida-per-coneixer-sant-andreu","status":"publish","type":"post","link":"https:\/\/agora.xtec.cat\/ceip-agsantandreu\/general\/2n-sortida-per-coneixer-sant-andreu\/","title":{"rendered":"2n- Sortida per con\u00e8ixer Sant Andreu"},"content":{"rendered":"<p>Hola fam\u00edlies!<\/p>\n<p>Aquest nou curs els nens i les nenes de 2n hem comen\u00e7at amb moltes ganes d&#8217;aprendre coses noves! Hem iniciat el curs treballant i descobrint la nostra ciutat, Sant Andreu de la Barca. La setmana passada vam realitzar una petita sortida pels voltants de l&#8217;escola per tal de con\u00e8ixer i veure quins serveis i equipaments trobem a Sant Andreu, quins parcs i places hi ha, tamb\u00e9 vam entrar al Mercat Municipal i vam xerrar amb els seus botiguers&#8230; per \u00faltim, vam anar a l&#8217;Ajuntament i all\u00e0 casualment ens vam trobar amb l&#8217;Alcalde, el Marc Giribet. Va ser una sortida molt interessant i ens ho vam passar molt b\u00e9!<\/p>\n<p>Aqu\u00ed us deixem un recull de\u00a0<a href=\"https:\/\/photos.app.goo.gl\/zEN7EFgY5fMjqced9\" target=\"_blank\" rel=\"noopener\">FOTOGRAFIES.<\/a><\/p>\n<p><img loading=\"lazy\" decoding=\"async\" class=\"wp-image-9111 aligncenter\" src=\"https:\/\/agora.xtec.cat\/ceip-agsantandreu\/wp-content\/uploads\/usu37\/2025\/09\/IMG-20250930-WA0064-1024x576.jpg\" alt=\"\" width=\"339\" height=\"191\" srcset=\"https:\/\/agora.xtec.cat\/ceip-agsantandreu\/wp-content\/uploads\/usu37\/2025\/09\/IMG-20250930-WA0064-1024x576.jpg 1024w, https:\/\/agora.xtec.cat\/ceip-agsantandreu\/wp-content\/uploads\/usu37\/2025\/09\/IMG-20250930-WA0064-300x169.jpg 300w, https:\/\/agora.xtec.cat\/ceip-agsantandreu\/wp-content\/uploads\/usu37\/2025\/09\/IMG-20250930-WA0064-768x432.jpg 768w, https:\/\/agora.xtec.cat\/ceip-agsantandreu\/wp-content\/uploads\/usu37\/2025\/09\/IMG-20250930-WA0064-1536x864.jpg 1536w, https:\/\/agora.xtec.cat\/ceip-agsantandreu\/wp-content\/uploads\/usu37\/2025\/09\/IMG-20250930-WA0064.jpg 1600w\" sizes=\"auto, (max-width: 339px) 100vw, 339px\" \/><\/p>\n","protected":false},"excerpt":{"rendered":"<p>Hola fam\u00edlies!<br \/>\nAquest nou curs els nens i les nenes de 2n hem comen\u00e7at amb moltes ganes d&#8217;aprendre coses noves! Hem iniciat el curs treballant i descobrint la nostra ciutat, Sant Andreu de la Barca. La setmana passada vam realitzar una petita sortida pels voltants de&hellip;  <a href=\"https:\/\/agora.xtec.cat\/ceip-agsantandreu\/general\/2n-sortida-per-coneixer-sant-andreu\/\" title=\"Read 2n- Sortida per con\u00e8ixer Sant Andreu\">Llegeix m\u00e9s\u00bb<\/a><\/p>\n","protected":false},"author":3,"featured_media":0,"comment_status":"closed","ping_status":"open","sticky":false,"template":"","format":"standard","meta":{"_bbp_topic_count":0,"_bbp_reply_count":0,"_bbp_total_topic_count":0,"_bbp_total_reply_count":0,"_bbp_voice_count":0,"_bbp_anonymous_reply_count":0,"_bbp_topic_count_hidden":0,"_bbp_reply_count_hidden":0,"_bbp_forum_subforum_count":0,"footnotes":""},"categories":[5,1,4],"tags":[],"class_list":["post-9110","post","type-post","status-publish","format-standard","hentry","category-mitjans","category-general","category-portada"],"post_mailing_queue_ids":[],"_links":{"self":[{"href":"https:\/\/agora.xtec.cat\/ceip-agsantandreu\/wp-json\/wp\/v2\/posts\/9110","targetHints":{"allow":["GET"]}}],"collection":[{"href":"https:\/\/agora.xtec.cat\/ceip-agsantandreu\/wp-json\/wp\/v2\/posts"}],"about":[{"href":"https:\/\/agora.xtec.cat\/ceip-agsantandreu\/wp-json\/wp\/v2\/types\/post"}],"author":[{"embeddable":true,"href":"https:\/\/agora.xtec.cat\/ceip-agsantandreu\/wp-json\/wp\/v2\/users\/3"}],"replies":[{"embeddable":true,"href":"https:\/\/agora.xtec.cat\/ceip-agsantandreu\/wp-json\/wp\/v2\/comments?post=9110"}],"version-history":[{"count":3,"href":"https:\/\/agora.xtec.cat\/ceip-agsantandreu\/wp-json\/wp\/v2\/posts\/9110\/revisions"}],"predecessor-version":[{"id":9114,"href":"https:\/\/agora.xtec.cat\/ceip-agsantandreu\/wp-json\/wp\/v2\/posts\/9110\/revisions\/9114"}],"wp:attachment":[{"href":"https:\/\/agora.xtec.cat\/ceip-agsantandreu\/wp-json\/wp\/v2\/media?parent=9110"}],"wp:term":[{"taxonomy":"category","embeddable":true,"href":"https:\/\/agora.xtec.cat\/ceip-agsantandreu\/wp-json\/wp\/v2\/categories?post=9110"},{"taxonomy":"post_tag","embeddable":true,"href":"https:\/\/agora.xtec.cat\/ceip-agsantandreu\/wp-json\/wp\/v2\/tags?post=9110"}],"curies":[{"name":"wp","href":"https:\/\/api.w.org\/{rel}","templated":true}]}}