{"id":9074,"date":"2025-06-20T19:14:49","date_gmt":"2025-06-20T17:14:49","guid":{"rendered":"https:\/\/agora.xtec.cat\/ceip-agsantandreu\/?p=9074"},"modified":"2025-06-23T09:45:41","modified_gmt":"2025-06-23T07:45:41","slug":"infantil-us-desitja-bon-estiu","status":"publish","type":"post","link":"https:\/\/agora.xtec.cat\/ceip-agsantandreu\/general\/infantil-us-desitja-bon-estiu\/","title":{"rendered":"Infantil us desitja bon estiu!"},"content":{"rendered":"<p>El curs ha acabat i avui ha arribat el moment de dir ad\u00e9u. Els nens i nenes d&#8217;infantil s&#8217;han acomiadat amb tendresa, il\u00b7lusi\u00f3 i moltes emocions compartides. Us deixem un v\u00eddeo que recull un petit tastet de com diuen fins aviat despr\u00e9s d\u2019un curs ple de descobertes, aprenentatges i moments inoblidables.<\/p>\n<p><a href=\"https:\/\/photos.app.goo.gl\/wf6SuFR5c6dxTEXEA\"><img loading=\"lazy\" decoding=\"async\" class=\"alignleft size-large wp-image-9075\" src=\"https:\/\/agora.xtec.cat\/ceip-agsantandreu\/wp-content\/uploads\/usu37\/2025\/06\/Diseno-sin-titulo-1024x768.jpg\" alt=\"\" width=\"1024\" height=\"768\" srcset=\"https:\/\/agora.xtec.cat\/ceip-agsantandreu\/wp-content\/uploads\/usu37\/2025\/06\/Diseno-sin-titulo-1024x768.jpg 1024w, https:\/\/agora.xtec.cat\/ceip-agsantandreu\/wp-content\/uploads\/usu37\/2025\/06\/Diseno-sin-titulo-300x225.jpg 300w, https:\/\/agora.xtec.cat\/ceip-agsantandreu\/wp-content\/uploads\/usu37\/2025\/06\/Diseno-sin-titulo-768x576.jpg 768w, https:\/\/agora.xtec.cat\/ceip-agsantandreu\/wp-content\/uploads\/usu37\/2025\/06\/Diseno-sin-titulo-1536x1152.jpg 1536w, https:\/\/agora.xtec.cat\/ceip-agsantandreu\/wp-content\/uploads\/usu37\/2025\/06\/Diseno-sin-titulo-200x150.jpg 200w, https:\/\/agora.xtec.cat\/ceip-agsantandreu\/wp-content\/uploads\/usu37\/2025\/06\/Diseno-sin-titulo.jpg 2048w\" sizes=\"auto, (max-width: 1024px) 100vw, 1024px\" \/><\/a><\/p>\n<p>&nbsp;<\/p>\n<p>A l\u2019escola hem crescut plegats: hem apr\u00e8s a compartir, a escoltar-nos, a jugar i a estimar-nos. Cada somriure, cada pas, cada mirada ha estat una petita llavor que ha florit al llarg del curs.<\/p>\n<p>Ara toca descansar i gaudir de l\u2019estiu.<\/p>\n<p>Gr\u00e0cies fam\u00edlies per caminar al nostre costat i fer d\u2019aquesta escola una gran fam\u00edlia.<\/p>\n<p>Bon estiu a tothom\u2026 i fins aviat!<\/p>\n","protected":false},"excerpt":{"rendered":"<p>El curs ha acabat i avui ha arribat el moment de dir ad\u00e9u. Els nens i nenes d&#8217;infantil s&#8217;han acomiadat amb tendresa, il\u00b7lusi\u00f3 i moltes emocions compartides. Us deixem un v\u00eddeo que recull un petit tastet de com diuen fins aviat despr\u00e9s d\u2019un curs ple&hellip;  <a href=\"https:\/\/agora.xtec.cat\/ceip-agsantandreu\/general\/infantil-us-desitja-bon-estiu\/\" title=\"Read Infantil us desitja bon estiu!\">Llegeix m\u00e9s\u00bb<\/a><\/p>\n","protected":false},"author":3,"featured_media":0,"comment_status":"open","ping_status":"open","sticky":false,"template":"","format":"standard","meta":{"_bbp_topic_count":0,"_bbp_reply_count":0,"_bbp_total_topic_count":0,"_bbp_total_reply_count":0,"_bbp_voice_count":0,"_bbp_anonymous_reply_count":0,"_bbp_topic_count_hidden":0,"_bbp_reply_count_hidden":0,"_bbp_forum_subforum_count":0,"footnotes":""},"categories":[2,1,4],"tags":[],"class_list":["post-9074","post","type-post","status-publish","format-standard","hentry","category-petits","category-general","category-portada"],"post_mailing_queue_ids":[],"_links":{"self":[{"href":"https:\/\/agora.xtec.cat\/ceip-agsantandreu\/wp-json\/wp\/v2\/posts\/9074","targetHints":{"allow":["GET"]}}],"collection":[{"href":"https:\/\/agora.xtec.cat\/ceip-agsantandreu\/wp-json\/wp\/v2\/posts"}],"about":[{"href":"https:\/\/agora.xtec.cat\/ceip-agsantandreu\/wp-json\/wp\/v2\/types\/post"}],"author":[{"embeddable":true,"href":"https:\/\/agora.xtec.cat\/ceip-agsantandreu\/wp-json\/wp\/v2\/users\/3"}],"replies":[{"embeddable":true,"href":"https:\/\/agora.xtec.cat\/ceip-agsantandreu\/wp-json\/wp\/v2\/comments?post=9074"}],"version-history":[{"count":3,"href":"https:\/\/agora.xtec.cat\/ceip-agsantandreu\/wp-json\/wp\/v2\/posts\/9074\/revisions"}],"predecessor-version":[{"id":9078,"href":"https:\/\/agora.xtec.cat\/ceip-agsantandreu\/wp-json\/wp\/v2\/posts\/9074\/revisions\/9078"}],"wp:attachment":[{"href":"https:\/\/agora.xtec.cat\/ceip-agsantandreu\/wp-json\/wp\/v2\/media?parent=9074"}],"wp:term":[{"taxonomy":"category","embeddable":true,"href":"https:\/\/agora.xtec.cat\/ceip-agsantandreu\/wp-json\/wp\/v2\/categories?post=9074"},{"taxonomy":"post_tag","embeddable":true,"href":"https:\/\/agora.xtec.cat\/ceip-agsantandreu\/wp-json\/wp\/v2\/tags?post=9074"}],"curies":[{"name":"wp","href":"https:\/\/api.w.org\/{rel}","templated":true}]}}