{"id":9060,"date":"2025-06-17T09:30:04","date_gmt":"2025-06-17T07:30:04","guid":{"rendered":"https:\/\/agora.xtec.cat\/ceip-agsantandreu\/?p=9060"},"modified":"2025-06-17T23:56:10","modified_gmt":"2025-06-17T21:56:10","slug":"a-i4-ens-convertim-en-grangers-i-grangeres","status":"publish","type":"post","link":"https:\/\/agora.xtec.cat\/ceip-agsantandreu\/general\/a-i4-ens-convertim-en-grangers-i-grangeres\/","title":{"rendered":"A I4 ens convertim en grangers i grangeres!"},"content":{"rendered":"<p>Aquest tercer trimestre hem treballat la situaci\u00f3 d&#8217;aprenentatge &#8220;Som grangers&#8221;.<\/p>\n<p>Tot va comen\u00e7ar amb el conte de l&#8217;aneguet lleig. Es va perdre l&#8217;aneguet lleig i l&#8217;hav\u00edem de buscar! Despr\u00e9s de moltes activitats (munyir la vaca, esquilar l&#8217;ovella, memory, laberints, comptatge d&#8217;animals, lectoescriptura&#8230;) hem aconseguit trobar l&#8217;aneguet lleig!! Fins i tot ens ha portat uns diplomes de super grangers i grangeres!!!<\/p>\n<p><a href=\"https:\/\/photos.app.goo.gl\/KmqkjxK8TDedabvU8\" target=\"_blank\" rel=\"noopener\">Aqu\u00ed teniu un recull de fotografies.<\/a><\/p>\n<p><a href=\"https:\/\/photos.app.goo.gl\/KmqkjxK8TDedabvU8\" target=\"_blank\" rel=\"noopener\"><img loading=\"lazy\" decoding=\"async\" class=\"alignleft wp-image-9061\" src=\"https:\/\/agora.xtec.cat\/ceip-agsantandreu\/wp-content\/uploads\/usu37\/2025\/06\/PHOTO-2025-06-16-12-21-06-1024x516.jpg\" alt=\"\" width=\"660\" height=\"333\" srcset=\"https:\/\/agora.xtec.cat\/ceip-agsantandreu\/wp-content\/uploads\/usu37\/2025\/06\/PHOTO-2025-06-16-12-21-06-1024x516.jpg 1024w, https:\/\/agora.xtec.cat\/ceip-agsantandreu\/wp-content\/uploads\/usu37\/2025\/06\/PHOTO-2025-06-16-12-21-06-300x151.jpg 300w, https:\/\/agora.xtec.cat\/ceip-agsantandreu\/wp-content\/uploads\/usu37\/2025\/06\/PHOTO-2025-06-16-12-21-06-768x387.jpg 768w, https:\/\/agora.xtec.cat\/ceip-agsantandreu\/wp-content\/uploads\/usu37\/2025\/06\/PHOTO-2025-06-16-12-21-06-1536x774.jpg 1536w, https:\/\/agora.xtec.cat\/ceip-agsantandreu\/wp-content\/uploads\/usu37\/2025\/06\/PHOTO-2025-06-16-12-21-06.jpg 1600w\" sizes=\"auto, (max-width: 660px) 100vw, 660px\" \/><\/a><\/p>\n","protected":false},"excerpt":{"rendered":"<p>Aquest tercer trimestre hem treballat la situaci\u00f3 d&#8217;aprenentatge &#8220;Som grangers&#8221;.<br \/>\nTot va comen\u00e7ar amb el conte de l&#8217;aneguet lleig. Es va perdre l&#8217;aneguet lleig i l&#8217;hav\u00edem de buscar! Despr\u00e9s de moltes activitats (munyir la vaca, esquilar l&#8217;ovella, memory, laberints, comptatge d&#8217;animals, lectoescriptura&#8230;) hem aconseguit trobar l&#8217;aneguet&hellip;  <a href=\"https:\/\/agora.xtec.cat\/ceip-agsantandreu\/general\/a-i4-ens-convertim-en-grangers-i-grangeres\/\" title=\"Read A I4 ens convertim en grangers i grangeres!\">Llegeix m\u00e9s\u00bb<\/a><\/p>\n","protected":false},"author":3,"featured_media":0,"comment_status":"open","ping_status":"open","sticky":false,"template":"","format":"standard","meta":{"_bbp_topic_count":0,"_bbp_reply_count":0,"_bbp_total_topic_count":0,"_bbp_total_reply_count":0,"_bbp_voice_count":0,"_bbp_anonymous_reply_count":0,"_bbp_topic_count_hidden":0,"_bbp_reply_count_hidden":0,"_bbp_forum_subforum_count":0,"footnotes":""},"categories":[2,1,4],"tags":[],"class_list":["post-9060","post","type-post","status-publish","format-standard","hentry","category-petits","category-general","category-portada"],"post_mailing_queue_ids":[],"_links":{"self":[{"href":"https:\/\/agora.xtec.cat\/ceip-agsantandreu\/wp-json\/wp\/v2\/posts\/9060","targetHints":{"allow":["GET"]}}],"collection":[{"href":"https:\/\/agora.xtec.cat\/ceip-agsantandreu\/wp-json\/wp\/v2\/posts"}],"about":[{"href":"https:\/\/agora.xtec.cat\/ceip-agsantandreu\/wp-json\/wp\/v2\/types\/post"}],"author":[{"embeddable":true,"href":"https:\/\/agora.xtec.cat\/ceip-agsantandreu\/wp-json\/wp\/v2\/users\/3"}],"replies":[{"embeddable":true,"href":"https:\/\/agora.xtec.cat\/ceip-agsantandreu\/wp-json\/wp\/v2\/comments?post=9060"}],"version-history":[{"count":1,"href":"https:\/\/agora.xtec.cat\/ceip-agsantandreu\/wp-json\/wp\/v2\/posts\/9060\/revisions"}],"predecessor-version":[{"id":9062,"href":"https:\/\/agora.xtec.cat\/ceip-agsantandreu\/wp-json\/wp\/v2\/posts\/9060\/revisions\/9062"}],"wp:attachment":[{"href":"https:\/\/agora.xtec.cat\/ceip-agsantandreu\/wp-json\/wp\/v2\/media?parent=9060"}],"wp:term":[{"taxonomy":"category","embeddable":true,"href":"https:\/\/agora.xtec.cat\/ceip-agsantandreu\/wp-json\/wp\/v2\/categories?post=9060"},{"taxonomy":"post_tag","embeddable":true,"href":"https:\/\/agora.xtec.cat\/ceip-agsantandreu\/wp-json\/wp\/v2\/tags?post=9060"}],"curies":[{"name":"wp","href":"https:\/\/api.w.org\/{rel}","templated":true}]}}