{"id":9039,"date":"2025-06-12T12:23:20","date_gmt":"2025-06-12T10:23:20","guid":{"rendered":"https:\/\/agora.xtec.cat\/ceip-agsantandreu\/?p=9039"},"modified":"2025-06-12T12:25:42","modified_gmt":"2025-06-12T10:25:42","slug":"visita-del-mussol-pin-a-2n","status":"publish","type":"post","link":"https:\/\/agora.xtec.cat\/ceip-agsantandreu\/general\/visita-del-mussol-pin-a-2n\/","title":{"rendered":"Visita del Mussol &#8220;Pin&#8221; a 2n"},"content":{"rendered":"<p>Bon dia fam\u00edlies!<\/p>\n<p>Avui els nens i les nenes de 2n hem rebut una visita molt especial, ha vingut la Meri, una amiga de la mare de l&#8217;Ana i l&#8217;Alex i ens ha portat un mussol de cara blanca, el Pin. Ella s&#8217;encarrega de cuidar a casa seva a 2 mussols, un mascle i una femella, s\u00f3n el Pin i la Pon. Ha sigut una experi\u00e8ncia molt maca poder veure un mussol tan de prop i que la Meri ens expliqu\u00e9s tantes coses sobre aquests animalets tan bonics. Tamb\u00e9 ens han preparat una activitat molt xula per a tenir un record d&#8217;aquest dia, hem fet una titella de mussol. Moltes gr\u00e0cies per la vostra visita!! Aqu\u00ed teniu algunes <a href=\"https:\/\/photos.app.goo.gl\/SwF2u2RwNrwFcxnL9\" target=\"_blank\" rel=\"noopener\">FOTOGRAFIES<\/a><\/p>\n<p><img loading=\"lazy\" decoding=\"async\" class=\"wp-image-9040 aligncenter\" src=\"https:\/\/agora.xtec.cat\/ceip-agsantandreu\/wp-content\/uploads\/usu37\/2025\/06\/IMG-20250612-WA0017-768x1024.jpg\" alt=\"\" width=\"204\" height=\"272\" srcset=\"https:\/\/agora.xtec.cat\/ceip-agsantandreu\/wp-content\/uploads\/usu37\/2025\/06\/IMG-20250612-WA0017-768x1024.jpg 768w, https:\/\/agora.xtec.cat\/ceip-agsantandreu\/wp-content\/uploads\/usu37\/2025\/06\/IMG-20250612-WA0017-225x300.jpg 225w, https:\/\/agora.xtec.cat\/ceip-agsantandreu\/wp-content\/uploads\/usu37\/2025\/06\/IMG-20250612-WA0017-1152x1536.jpg 1152w, https:\/\/agora.xtec.cat\/ceip-agsantandreu\/wp-content\/uploads\/usu37\/2025\/06\/IMG-20250612-WA0017.jpg 1200w\" sizes=\"auto, (max-width: 204px) 100vw, 204px\" \/><\/p>\n","protected":false},"excerpt":{"rendered":"<p>Bon dia fam\u00edlies!<br \/>\nAvui els nens i les nenes de 2n hem rebut una visita molt especial, ha vingut la Meri, una amiga de la mare de l&#8217;Ana i l&#8217;Alex i ens ha portat un mussol de cara blanca, el Pin. Ella s&#8217;encarrega de cuidar a&hellip;  <a href=\"https:\/\/agora.xtec.cat\/ceip-agsantandreu\/general\/visita-del-mussol-pin-a-2n\/\" title=\"Read Visita del Mussol &#8220;Pin&#8221; a 2n\">Llegeix m\u00e9s\u00bb<\/a><\/p>\n","protected":false},"author":3,"featured_media":0,"comment_status":"closed","ping_status":"closed","sticky":false,"template":"","format":"standard","meta":{"_bbp_topic_count":0,"_bbp_reply_count":0,"_bbp_total_topic_count":0,"_bbp_total_reply_count":0,"_bbp_voice_count":0,"_bbp_anonymous_reply_count":0,"_bbp_topic_count_hidden":0,"_bbp_reply_count_hidden":0,"_bbp_forum_subforum_count":0,"footnotes":""},"categories":[5,1,4],"tags":[],"class_list":["post-9039","post","type-post","status-publish","format-standard","hentry","category-mitjans","category-general","category-portada"],"post_mailing_queue_ids":[],"_links":{"self":[{"href":"https:\/\/agora.xtec.cat\/ceip-agsantandreu\/wp-json\/wp\/v2\/posts\/9039","targetHints":{"allow":["GET"]}}],"collection":[{"href":"https:\/\/agora.xtec.cat\/ceip-agsantandreu\/wp-json\/wp\/v2\/posts"}],"about":[{"href":"https:\/\/agora.xtec.cat\/ceip-agsantandreu\/wp-json\/wp\/v2\/types\/post"}],"author":[{"embeddable":true,"href":"https:\/\/agora.xtec.cat\/ceip-agsantandreu\/wp-json\/wp\/v2\/users\/3"}],"replies":[{"embeddable":true,"href":"https:\/\/agora.xtec.cat\/ceip-agsantandreu\/wp-json\/wp\/v2\/comments?post=9039"}],"version-history":[{"count":2,"href":"https:\/\/agora.xtec.cat\/ceip-agsantandreu\/wp-json\/wp\/v2\/posts\/9039\/revisions"}],"predecessor-version":[{"id":9042,"href":"https:\/\/agora.xtec.cat\/ceip-agsantandreu\/wp-json\/wp\/v2\/posts\/9039\/revisions\/9042"}],"wp:attachment":[{"href":"https:\/\/agora.xtec.cat\/ceip-agsantandreu\/wp-json\/wp\/v2\/media?parent=9039"}],"wp:term":[{"taxonomy":"category","embeddable":true,"href":"https:\/\/agora.xtec.cat\/ceip-agsantandreu\/wp-json\/wp\/v2\/categories?post=9039"},{"taxonomy":"post_tag","embeddable":true,"href":"https:\/\/agora.xtec.cat\/ceip-agsantandreu\/wp-json\/wp\/v2\/tags?post=9039"}],"curies":[{"name":"wp","href":"https:\/\/api.w.org\/{rel}","templated":true}]}}