{"id":9032,"date":"2025-06-11T15:39:36","date_gmt":"2025-06-11T13:39:36","guid":{"rendered":"https:\/\/agora.xtec.cat\/ceip-agsantandreu\/?p=9032"},"modified":"2025-06-11T15:39:36","modified_gmt":"2025-06-11T13:39:36","slug":"habits-i-alimentacio-a-5e","status":"publish","type":"post","link":"https:\/\/agora.xtec.cat\/ceip-agsantandreu\/general\/habits-i-alimentacio-a-5e\/","title":{"rendered":"H\u00e0bits i alimentaci\u00f3 a 5\u00e8"},"content":{"rendered":"<p><a href=\"https:\/\/photos.app.goo.gl\/qprufFL1S5qd987R9\" target=\"_blank\" rel=\"noopener\"><img loading=\"lazy\" decoding=\"async\" class=\"aligncenter wp-image-9033 size-large\" src=\"https:\/\/agora.xtec.cat\/ceip-agsantandreu\/wp-content\/uploads\/usu37\/2025\/06\/WhatsApp-Image-2025-06-11-at-15.05.02-1024x768.jpeg\" alt=\"\" width=\"1024\" height=\"768\" srcset=\"https:\/\/agora.xtec.cat\/ceip-agsantandreu\/wp-content\/uploads\/usu37\/2025\/06\/WhatsApp-Image-2025-06-11-at-15.05.02-1024x768.jpeg 1024w, https:\/\/agora.xtec.cat\/ceip-agsantandreu\/wp-content\/uploads\/usu37\/2025\/06\/WhatsApp-Image-2025-06-11-at-15.05.02-300x225.jpeg 300w, https:\/\/agora.xtec.cat\/ceip-agsantandreu\/wp-content\/uploads\/usu37\/2025\/06\/WhatsApp-Image-2025-06-11-at-15.05.02-768x576.jpeg 768w, https:\/\/agora.xtec.cat\/ceip-agsantandreu\/wp-content\/uploads\/usu37\/2025\/06\/WhatsApp-Image-2025-06-11-at-15.05.02-1536x1152.jpeg 1536w, https:\/\/agora.xtec.cat\/ceip-agsantandreu\/wp-content\/uploads\/usu37\/2025\/06\/WhatsApp-Image-2025-06-11-at-15.05.02-200x150.jpeg 200w, https:\/\/agora.xtec.cat\/ceip-agsantandreu\/wp-content\/uploads\/usu37\/2025\/06\/WhatsApp-Image-2025-06-11-at-15.05.02.jpeg 2048w\" sizes=\"auto, (max-width: 1024px) 100vw, 1024px\" \/><\/a><\/p>\n<p><a href=\"https:\/\/photos.app.goo.gl\/qprufFL1S5qd987R9\" target=\"_blank\" rel=\"noopener\">Aqu\u00ed us deixem unes imatges de l&#8217;activitat!<\/a><\/p>\n<p>Ahir vam gaudir d&#8217;una activitat organitzada per una de les fam\u00edlies del nostre centre.<\/p>\n<p>L&#8217;activitat, d&#8217;all\u00f2 m\u00e9s motivadora, complementava els aprenentatges que l&#8217;alumnat de 5\u00e8 ha treballat darrerament, aprofitant l&#8217;experi\u00e8ncia i la formaci\u00f3 d&#8217;una de les nostres fam\u00edlies que ens van proposar venir al centre i refor\u00e7ar aquests coneixements des d&#8217;una altra vesant.<\/p>\n<p>Tot un plaer comptar amb vosaltres fam\u00edlies!<\/p>\n<p>Mil gr\u00e0cies!<\/p>\n","protected":false},"excerpt":{"rendered":"<p><a href=\"https:\/\/photos.app.goo.gl\/qprufFL1S5qd987R9\" target=\"_blank\" rel=\"noopener\"><\/a><br \/>\n<a href=\"https:\/\/photos.app.goo.gl\/qprufFL1S5qd987R9\" target=\"_blank\" rel=\"noopener\">Aqu\u00ed us deixem unes imatges de l&#8217;activitat!<\/a><br \/>\nAhir vam gaudir d&#8217;una activitat organitzada per una de les fam\u00edlies del nostre centre.<br \/>\nL&#8217;activitat, d&#8217;all\u00f2 m\u00e9s motivadora, complementava els aprenentatges que l&#8217;alumnat de 5\u00e8 ha treballat darrerament, aprofitant l&#8217;experi\u00e8ncia i la formaci\u00f3 d&#8217;una&hellip;  <a href=\"https:\/\/agora.xtec.cat\/ceip-agsantandreu\/general\/habits-i-alimentacio-a-5e\/\" title=\"Read H\u00e0bits i alimentaci\u00f3 a 5\u00e8\">Llegeix m\u00e9s\u00bb<\/a><\/p>\n","protected":false},"author":1,"featured_media":0,"comment_status":"closed","ping_status":"open","sticky":false,"template":"","format":"standard","meta":{"_bbp_topic_count":0,"_bbp_reply_count":0,"_bbp_total_topic_count":0,"_bbp_total_reply_count":0,"_bbp_voice_count":0,"_bbp_anonymous_reply_count":0,"_bbp_topic_count_hidden":0,"_bbp_reply_count_hidden":0,"_bbp_forum_subforum_count":0,"footnotes":""},"categories":[59,1,4],"tags":[],"class_list":["post-9032","post","type-post","status-publish","format-standard","hentry","category-grans","category-general","category-portada"],"post_mailing_queue_ids":[],"_links":{"self":[{"href":"https:\/\/agora.xtec.cat\/ceip-agsantandreu\/wp-json\/wp\/v2\/posts\/9032","targetHints":{"allow":["GET"]}}],"collection":[{"href":"https:\/\/agora.xtec.cat\/ceip-agsantandreu\/wp-json\/wp\/v2\/posts"}],"about":[{"href":"https:\/\/agora.xtec.cat\/ceip-agsantandreu\/wp-json\/wp\/v2\/types\/post"}],"author":[{"embeddable":true,"href":"https:\/\/agora.xtec.cat\/ceip-agsantandreu\/wp-json\/wp\/v2\/users\/1"}],"replies":[{"embeddable":true,"href":"https:\/\/agora.xtec.cat\/ceip-agsantandreu\/wp-json\/wp\/v2\/comments?post=9032"}],"version-history":[{"count":1,"href":"https:\/\/agora.xtec.cat\/ceip-agsantandreu\/wp-json\/wp\/v2\/posts\/9032\/revisions"}],"predecessor-version":[{"id":9034,"href":"https:\/\/agora.xtec.cat\/ceip-agsantandreu\/wp-json\/wp\/v2\/posts\/9032\/revisions\/9034"}],"wp:attachment":[{"href":"https:\/\/agora.xtec.cat\/ceip-agsantandreu\/wp-json\/wp\/v2\/media?parent=9032"}],"wp:term":[{"taxonomy":"category","embeddable":true,"href":"https:\/\/agora.xtec.cat\/ceip-agsantandreu\/wp-json\/wp\/v2\/categories?post=9032"},{"taxonomy":"post_tag","embeddable":true,"href":"https:\/\/agora.xtec.cat\/ceip-agsantandreu\/wp-json\/wp\/v2\/tags?post=9032"}],"curies":[{"name":"wp","href":"https:\/\/api.w.org\/{rel}","templated":true}]}}