{"id":902,"date":"2017-10-31T13:40:55","date_gmt":"2017-10-31T12:40:55","guid":{"rendered":"http:\/\/agora.xtec.cat\/ceip-agsantandreu\/?p=902"},"modified":"2018-03-07T23:35:18","modified_gmt":"2018-03-07T22:35:18","slug":"a-p3-ens-agrada-molt-aquesta-canco-de-la-tardor","status":"publish","type":"post","link":"https:\/\/agora.xtec.cat\/ceip-agsantandreu\/comunitats\/petits\/a-p3-ens-agrada-molt-aquesta-canco-de-la-tardor\/","title":{"rendered":"A P3 ens agrada molt aquesta can\u00e7\u00f3 de la tardor!"},"content":{"rendered":"<p>Als cavalls i als conills ens agrada molt cantar. Cada dia cantem i ballem noves can\u00e7ons, aix\u00ed que aqu\u00ed us deixem l&#8217;enlla\u00e7 de la can\u00e7\u00f3 &#8221; M&#8217;agrada la tardor &#8221; per a que la pogueu ballar i cantar a casa !<\/p>\n<p><iframe loading=\"lazy\" title=\"M&#039;agrada la tardor\" width=\"500\" height=\"375\" src=\"https:\/\/www.youtube.com\/embed\/11VdDn8Fi_o?feature=oembed\" frameborder=\"0\" allow=\"accelerometer; autoplay; clipboard-write; encrypted-media; gyroscope; picture-in-picture; web-share\" referrerpolicy=\"strict-origin-when-cross-origin\" allowfullscreen><\/iframe><\/p>\n<p>&nbsp;<\/p>\n","protected":false},"excerpt":{"rendered":"<p>Als cavalls i als conills ens agrada molt cantar. Cada dia cantem i ballem noves can\u00e7ons, aix\u00ed que aqu\u00ed us deixem l&#8217;enlla\u00e7 de la can\u00e7\u00f3 &#8221; M&#8217;agrada la tardor &#8221; per a que la pogueu ballar i cantar a casa !<\/p>\n<p>&nbsp;<\/p>\n","protected":false},"author":3,"featured_media":904,"comment_status":"closed","ping_status":"closed","sticky":false,"template":"","format":"standard","meta":{"_bbp_topic_count":0,"_bbp_reply_count":0,"_bbp_total_topic_count":0,"_bbp_total_reply_count":0,"_bbp_voice_count":0,"_bbp_anonymous_reply_count":0,"_bbp_topic_count_hidden":0,"_bbp_reply_count_hidden":0,"_bbp_forum_subforum_count":0,"footnotes":""},"categories":[2,4],"tags":[],"class_list":["post-902","post","type-post","status-publish","format-standard","has-post-thumbnail","hentry","category-petits","category-portada"],"post_mailing_queue_ids":[],"_links":{"self":[{"href":"https:\/\/agora.xtec.cat\/ceip-agsantandreu\/wp-json\/wp\/v2\/posts\/902","targetHints":{"allow":["GET"]}}],"collection":[{"href":"https:\/\/agora.xtec.cat\/ceip-agsantandreu\/wp-json\/wp\/v2\/posts"}],"about":[{"href":"https:\/\/agora.xtec.cat\/ceip-agsantandreu\/wp-json\/wp\/v2\/types\/post"}],"author":[{"embeddable":true,"href":"https:\/\/agora.xtec.cat\/ceip-agsantandreu\/wp-json\/wp\/v2\/users\/3"}],"replies":[{"embeddable":true,"href":"https:\/\/agora.xtec.cat\/ceip-agsantandreu\/wp-json\/wp\/v2\/comments?post=902"}],"version-history":[{"count":2,"href":"https:\/\/agora.xtec.cat\/ceip-agsantandreu\/wp-json\/wp\/v2\/posts\/902\/revisions"}],"predecessor-version":[{"id":1402,"href":"https:\/\/agora.xtec.cat\/ceip-agsantandreu\/wp-json\/wp\/v2\/posts\/902\/revisions\/1402"}],"wp:featuredmedia":[{"embeddable":true,"href":"https:\/\/agora.xtec.cat\/ceip-agsantandreu\/wp-json\/wp\/v2\/media\/904"}],"wp:attachment":[{"href":"https:\/\/agora.xtec.cat\/ceip-agsantandreu\/wp-json\/wp\/v2\/media?parent=902"}],"wp:term":[{"taxonomy":"category","embeddable":true,"href":"https:\/\/agora.xtec.cat\/ceip-agsantandreu\/wp-json\/wp\/v2\/categories?post=902"},{"taxonomy":"post_tag","embeddable":true,"href":"https:\/\/agora.xtec.cat\/ceip-agsantandreu\/wp-json\/wp\/v2\/tags?post=902"}],"curies":[{"name":"wp","href":"https:\/\/api.w.org\/{rel}","templated":true}]}}