{"id":8991,"date":"2025-05-30T16:41:28","date_gmt":"2025-05-30T14:41:28","guid":{"rendered":"https:\/\/agora.xtec.cat\/ceip-agsantandreu\/?p=8991"},"modified":"2025-05-30T16:49:27","modified_gmt":"2025-05-30T14:49:27","slug":"sortida-can-mercader-3er","status":"publish","type":"post","link":"https:\/\/agora.xtec.cat\/ceip-agsantandreu\/general\/sortida-can-mercader-3er\/","title":{"rendered":"Sortida Can Mercader 3er."},"content":{"rendered":"<p><img loading=\"lazy\" decoding=\"async\" class=\"aligncenter size-large wp-image-8994\" src=\"https:\/\/agora.xtec.cat\/ceip-agsantandreu\/wp-content\/uploads\/usu37\/2025\/05\/WhatsApp-Image-2025-05-29-at-15.24.06-4.jpg\" alt=\"\" width=\"689\" height=\"517\" srcset=\"https:\/\/agora.xtec.cat\/ceip-agsantandreu\/wp-content\/uploads\/usu37\/2025\/05\/WhatsApp-Image-2025-05-29-at-15.24.06-4.jpg 689w, https:\/\/agora.xtec.cat\/ceip-agsantandreu\/wp-content\/uploads\/usu37\/2025\/05\/WhatsApp-Image-2025-05-29-at-15.24.06-4-300x225.jpg 300w, https:\/\/agora.xtec.cat\/ceip-agsantandreu\/wp-content\/uploads\/usu37\/2025\/05\/WhatsApp-Image-2025-05-29-at-15.24.06-4-200x150.jpg 200w\" sizes=\"auto, (max-width: 689px) 100vw, 689px\" \/> Dijous 29 de maig, els alumnes de tercer vam anar a Cornell\u00e0 per visitar el parc de Can Merdader.<\/p>\n<p>Vam poder gaudir\u00a0 d&#8217;una experi\u00e8ncia meravellosa tot contemplant la natura. Vam apendre el nom i les caracter\u00edstiques de la flora i fauna del parc i la import\u00e0ncia de comptar amb un parc al mig de la ciutat.<\/p>\n<p>Si voleu veure les nostres fotos cliqueu aqu\u00ed.<\/p>\n<p><a href=\"https:\/\/photos.app.goo.gl\/wvFPsaCGcJFdugcL6\">Fotos<\/a><\/p>\n","protected":false},"excerpt":{"rendered":"<p> Dijous 29 de maig, els alumnes de tercer vam anar a Cornell\u00e0 per visitar el parc de Can Merdader.<br \/>\nVam poder gaudir\u00a0 d&#8217;una experi\u00e8ncia meravellosa tot contemplant la natura. Vam apendre el nom i les caracter\u00edstiques de la flora i fauna del parc i la&hellip;  <a href=\"https:\/\/agora.xtec.cat\/ceip-agsantandreu\/general\/sortida-can-mercader-3er\/\" title=\"Read Sortida Can Mercader 3er.\">Llegeix m\u00e9s\u00bb<\/a><\/p>\n","protected":false},"author":3,"featured_media":0,"comment_status":"closed","ping_status":"closed","sticky":false,"template":"","format":"standard","meta":{"_bbp_topic_count":0,"_bbp_reply_count":0,"_bbp_total_topic_count":0,"_bbp_total_reply_count":0,"_bbp_voice_count":0,"_bbp_anonymous_reply_count":0,"_bbp_topic_count_hidden":0,"_bbp_reply_count_hidden":0,"_bbp_forum_subforum_count":0,"footnotes":""},"categories":[58,1,4],"tags":[],"class_list":["post-8991","post","type-post","status-publish","format-standard","hentry","category-mitjans-mitjans","category-general","category-portada"],"post_mailing_queue_ids":[],"_links":{"self":[{"href":"https:\/\/agora.xtec.cat\/ceip-agsantandreu\/wp-json\/wp\/v2\/posts\/8991","targetHints":{"allow":["GET"]}}],"collection":[{"href":"https:\/\/agora.xtec.cat\/ceip-agsantandreu\/wp-json\/wp\/v2\/posts"}],"about":[{"href":"https:\/\/agora.xtec.cat\/ceip-agsantandreu\/wp-json\/wp\/v2\/types\/post"}],"author":[{"embeddable":true,"href":"https:\/\/agora.xtec.cat\/ceip-agsantandreu\/wp-json\/wp\/v2\/users\/3"}],"replies":[{"embeddable":true,"href":"https:\/\/agora.xtec.cat\/ceip-agsantandreu\/wp-json\/wp\/v2\/comments?post=8991"}],"version-history":[{"count":3,"href":"https:\/\/agora.xtec.cat\/ceip-agsantandreu\/wp-json\/wp\/v2\/posts\/8991\/revisions"}],"predecessor-version":[{"id":8997,"href":"https:\/\/agora.xtec.cat\/ceip-agsantandreu\/wp-json\/wp\/v2\/posts\/8991\/revisions\/8997"}],"wp:attachment":[{"href":"https:\/\/agora.xtec.cat\/ceip-agsantandreu\/wp-json\/wp\/v2\/media?parent=8991"}],"wp:term":[{"taxonomy":"category","embeddable":true,"href":"https:\/\/agora.xtec.cat\/ceip-agsantandreu\/wp-json\/wp\/v2\/categories?post=8991"},{"taxonomy":"post_tag","embeddable":true,"href":"https:\/\/agora.xtec.cat\/ceip-agsantandreu\/wp-json\/wp\/v2\/tags?post=8991"}],"curies":[{"name":"wp","href":"https:\/\/api.w.org\/{rel}","templated":true}]}}