{"id":8976,"date":"2025-05-27T17:16:58","date_gmt":"2025-05-27T15:16:58","guid":{"rendered":"https:\/\/agora.xtec.cat\/ceip-agsantandreu\/?p=8976"},"modified":"2025-05-27T17:16:58","modified_gmt":"2025-05-27T15:16:58","slug":"sortida-al-pont-del-diable","status":"publish","type":"post","link":"https:\/\/agora.xtec.cat\/ceip-agsantandreu\/general\/sortida-al-pont-del-diable\/","title":{"rendered":"Sortida al Pont del Diable!"},"content":{"rendered":"<p>Avui l&#8217;alumnat de 5\u00e8 ha fet una llarga caminada per visitar el Pont del Diable!<\/p>\n<p>Hem fet el trajecte per la vora del riu fins a Martorell i all\u00e0 ens han rebut amb una xerrada d&#8217;all\u00f2 m\u00e9s interesant.<\/p>\n<p>A m\u00e9s, hem deixat anar la nostra vessant art\u00edstica amb un dibuix de la perspectiva del Pont que veiem.<\/p>\n<p><a href=\"https:\/\/photos.app.goo.gl\/8XCEXCKUFjQ4xvTR9\" target=\"_blank\" rel=\"noopener\">Aqu\u00ed us deixem unes imatges de l&#8217;activitat!<\/a><\/p>\n<p><a href=\"https:\/\/photos.app.goo.gl\/8XCEXCKUFjQ4xvTR9\" target=\"_blank\" rel=\"noopener\"><img loading=\"lazy\" decoding=\"async\" class=\"aligncenter wp-image-8977 size-large\" src=\"https:\/\/agora.xtec.cat\/ceip-agsantandreu\/wp-content\/uploads\/usu37\/2025\/05\/WhatsApp-Image-2025-05-27-at-16.44.11-1024x768.jpeg\" alt=\"\" width=\"1024\" height=\"768\" srcset=\"https:\/\/agora.xtec.cat\/ceip-agsantandreu\/wp-content\/uploads\/usu37\/2025\/05\/WhatsApp-Image-2025-05-27-at-16.44.11-1024x768.jpeg 1024w, https:\/\/agora.xtec.cat\/ceip-agsantandreu\/wp-content\/uploads\/usu37\/2025\/05\/WhatsApp-Image-2025-05-27-at-16.44.11-300x225.jpeg 300w, https:\/\/agora.xtec.cat\/ceip-agsantandreu\/wp-content\/uploads\/usu37\/2025\/05\/WhatsApp-Image-2025-05-27-at-16.44.11-768x576.jpeg 768w, https:\/\/agora.xtec.cat\/ceip-agsantandreu\/wp-content\/uploads\/usu37\/2025\/05\/WhatsApp-Image-2025-05-27-at-16.44.11-1536x1152.jpeg 1536w, https:\/\/agora.xtec.cat\/ceip-agsantandreu\/wp-content\/uploads\/usu37\/2025\/05\/WhatsApp-Image-2025-05-27-at-16.44.11-200x150.jpeg 200w, https:\/\/agora.xtec.cat\/ceip-agsantandreu\/wp-content\/uploads\/usu37\/2025\/05\/WhatsApp-Image-2025-05-27-at-16.44.11.jpeg 1600w\" sizes=\"auto, (max-width: 1024px) 100vw, 1024px\" \/><\/a><\/p>\n","protected":false},"excerpt":{"rendered":"<p>Avui l&#8217;alumnat de 5\u00e8 ha fet una llarga caminada per visitar el Pont del Diable!<br \/>\nHem fet el trajecte per la vora del riu fins a Martorell i all\u00e0 ens han rebut amb una xerrada d&#8217;all\u00f2 m\u00e9s interesant.<br \/>\nA m\u00e9s, hem deixat anar la nostra vessant art\u00edstica&hellip;  <a href=\"https:\/\/agora.xtec.cat\/ceip-agsantandreu\/general\/sortida-al-pont-del-diable\/\" title=\"Read Sortida al Pont del Diable!\">Llegeix m\u00e9s\u00bb<\/a><\/p>\n","protected":false},"author":1,"featured_media":0,"comment_status":"closed","ping_status":"closed","sticky":false,"template":"","format":"standard","meta":{"_bbp_topic_count":0,"_bbp_reply_count":0,"_bbp_total_topic_count":0,"_bbp_total_reply_count":0,"_bbp_voice_count":0,"_bbp_anonymous_reply_count":0,"_bbp_topic_count_hidden":0,"_bbp_reply_count_hidden":0,"_bbp_forum_subforum_count":0,"footnotes":""},"categories":[59,1,4],"tags":[],"class_list":["post-8976","post","type-post","status-publish","format-standard","hentry","category-grans","category-general","category-portada"],"post_mailing_queue_ids":[],"_links":{"self":[{"href":"https:\/\/agora.xtec.cat\/ceip-agsantandreu\/wp-json\/wp\/v2\/posts\/8976","targetHints":{"allow":["GET"]}}],"collection":[{"href":"https:\/\/agora.xtec.cat\/ceip-agsantandreu\/wp-json\/wp\/v2\/posts"}],"about":[{"href":"https:\/\/agora.xtec.cat\/ceip-agsantandreu\/wp-json\/wp\/v2\/types\/post"}],"author":[{"embeddable":true,"href":"https:\/\/agora.xtec.cat\/ceip-agsantandreu\/wp-json\/wp\/v2\/users\/1"}],"replies":[{"embeddable":true,"href":"https:\/\/agora.xtec.cat\/ceip-agsantandreu\/wp-json\/wp\/v2\/comments?post=8976"}],"version-history":[{"count":1,"href":"https:\/\/agora.xtec.cat\/ceip-agsantandreu\/wp-json\/wp\/v2\/posts\/8976\/revisions"}],"predecessor-version":[{"id":8978,"href":"https:\/\/agora.xtec.cat\/ceip-agsantandreu\/wp-json\/wp\/v2\/posts\/8976\/revisions\/8978"}],"wp:attachment":[{"href":"https:\/\/agora.xtec.cat\/ceip-agsantandreu\/wp-json\/wp\/v2\/media?parent=8976"}],"wp:term":[{"taxonomy":"category","embeddable":true,"href":"https:\/\/agora.xtec.cat\/ceip-agsantandreu\/wp-json\/wp\/v2\/categories?post=8976"},{"taxonomy":"post_tag","embeddable":true,"href":"https:\/\/agora.xtec.cat\/ceip-agsantandreu\/wp-json\/wp\/v2\/tags?post=8976"}],"curies":[{"name":"wp","href":"https:\/\/api.w.org\/{rel}","templated":true}]}}