{"id":8968,"date":"2025-05-26T10:59:47","date_gmt":"2025-05-26T08:59:47","guid":{"rendered":"https:\/\/agora.xtec.cat\/ceip-agsantandreu\/?p=8968"},"modified":"2025-05-27T17:18:00","modified_gmt":"2025-05-27T15:18:00","slug":"i3-gaudim-de-lentorn-de-la-nostra-escola","status":"publish","type":"post","link":"https:\/\/agora.xtec.cat\/ceip-agsantandreu\/general\/i3-gaudim-de-lentorn-de-la-nostra-escola\/","title":{"rendered":"I3. Gaudim de l&#8217;entorn de la nostra escola."},"content":{"rendered":"<p data-start=\"51\" data-end=\"395\">Els nens i les nenes d&#8217;I3 hem viscut una experi\u00e8ncia molt especial: hem sortit al nostre entorn natural per recollir flors! Amb molta il\u00b7lusi\u00f3, vam passejar per l&#8217;entorn de l\u2019escola observant els colors, les formes i les olors de les diferents plantes. Cada infant va triar les flors que m\u00e9s li agradaven per guarnir el seu gerro.<\/p>\n<p data-start=\"666\" data-end=\"854\" data-is-last-node=\"\" data-is-only-node=\"\">Aquesta activitat ens ha ajudat a connectar amb la natura, a observar amb atenci\u00f3 i a expressar-nos art\u00edsticament. Ha estat una experi\u00e8ncia plena de colors, somriures i aprenentatges! \ud83c\udf3c\ud83c\udf3f<\/p>\n<p data-start=\"666\" data-end=\"854\" data-is-last-node=\"\" data-is-only-node=\"\">Us deixem un petit recull de fotografies <a href=\"https:\/\/photos.app.goo.gl\/6GaxHSGoQD1x2poY7\">AQU\u00cd<\/a>.<\/p>\n<p data-start=\"666\" data-end=\"854\" data-is-last-node=\"\" data-is-only-node=\"\"><img loading=\"lazy\" decoding=\"async\" class=\"aligncenter size-medium wp-image-8969\" src=\"https:\/\/agora.xtec.cat\/ceip-agsantandreu\/wp-content\/uploads\/usu37\/2025\/05\/WhatsApp-Image-2025-05-23-at-17.44.58-1-225x300.jpeg\" alt=\"\" width=\"225\" height=\"300\" srcset=\"https:\/\/agora.xtec.cat\/ceip-agsantandreu\/wp-content\/uploads\/usu37\/2025\/05\/WhatsApp-Image-2025-05-23-at-17.44.58-1-225x300.jpeg 225w, https:\/\/agora.xtec.cat\/ceip-agsantandreu\/wp-content\/uploads\/usu37\/2025\/05\/WhatsApp-Image-2025-05-23-at-17.44.58-1-768x1024.jpeg 768w, https:\/\/agora.xtec.cat\/ceip-agsantandreu\/wp-content\/uploads\/usu37\/2025\/05\/WhatsApp-Image-2025-05-23-at-17.44.58-1-1152x1536.jpeg 1152w, https:\/\/agora.xtec.cat\/ceip-agsantandreu\/wp-content\/uploads\/usu37\/2025\/05\/WhatsApp-Image-2025-05-23-at-17.44.58-1.jpeg 1200w\" sizes=\"auto, (max-width: 225px) 100vw, 225px\" \/><\/p>\n","protected":false},"excerpt":{"rendered":"<p>Els nens i les nenes d&#8217;I3 hem viscut una experi\u00e8ncia molt especial: hem sortit al nostre entorn natural per recollir flors! Amb molta il\u00b7lusi\u00f3, vam passejar per l&#8217;entorn de l\u2019escola observant els colors, les formes i les olors de les diferents plantes. Cada infant va&hellip;  <a href=\"https:\/\/agora.xtec.cat\/ceip-agsantandreu\/general\/i3-gaudim-de-lentorn-de-la-nostra-escola\/\" title=\"Read I3. Gaudim de l&#8217;entorn de la nostra escola.\">Llegeix m\u00e9s\u00bb<\/a><\/p>\n","protected":false},"author":3,"featured_media":0,"comment_status":"closed","ping_status":"closed","sticky":false,"template":"","format":"standard","meta":{"_bbp_topic_count":0,"_bbp_reply_count":0,"_bbp_total_topic_count":0,"_bbp_total_reply_count":0,"_bbp_voice_count":0,"_bbp_anonymous_reply_count":0,"_bbp_topic_count_hidden":0,"_bbp_reply_count_hidden":0,"_bbp_forum_subforum_count":0,"footnotes":""},"categories":[2,1,4],"tags":[],"class_list":["post-8968","post","type-post","status-publish","format-standard","hentry","category-petits","category-general","category-portada"],"post_mailing_queue_ids":[],"_links":{"self":[{"href":"https:\/\/agora.xtec.cat\/ceip-agsantandreu\/wp-json\/wp\/v2\/posts\/8968","targetHints":{"allow":["GET"]}}],"collection":[{"href":"https:\/\/agora.xtec.cat\/ceip-agsantandreu\/wp-json\/wp\/v2\/posts"}],"about":[{"href":"https:\/\/agora.xtec.cat\/ceip-agsantandreu\/wp-json\/wp\/v2\/types\/post"}],"author":[{"embeddable":true,"href":"https:\/\/agora.xtec.cat\/ceip-agsantandreu\/wp-json\/wp\/v2\/users\/3"}],"replies":[{"embeddable":true,"href":"https:\/\/agora.xtec.cat\/ceip-agsantandreu\/wp-json\/wp\/v2\/comments?post=8968"}],"version-history":[{"count":1,"href":"https:\/\/agora.xtec.cat\/ceip-agsantandreu\/wp-json\/wp\/v2\/posts\/8968\/revisions"}],"predecessor-version":[{"id":8970,"href":"https:\/\/agora.xtec.cat\/ceip-agsantandreu\/wp-json\/wp\/v2\/posts\/8968\/revisions\/8970"}],"wp:attachment":[{"href":"https:\/\/agora.xtec.cat\/ceip-agsantandreu\/wp-json\/wp\/v2\/media?parent=8968"}],"wp:term":[{"taxonomy":"category","embeddable":true,"href":"https:\/\/agora.xtec.cat\/ceip-agsantandreu\/wp-json\/wp\/v2\/categories?post=8968"},{"taxonomy":"post_tag","embeddable":true,"href":"https:\/\/agora.xtec.cat\/ceip-agsantandreu\/wp-json\/wp\/v2\/tags?post=8968"}],"curies":[{"name":"wp","href":"https:\/\/api.w.org\/{rel}","templated":true}]}}