{"id":8941,"date":"2025-05-26T14:41:34","date_gmt":"2025-05-26T12:41:34","guid":{"rendered":"https:\/\/agora.xtec.cat\/ceip-agsantandreu\/?p=8941"},"modified":"2025-05-26T18:16:49","modified_gmt":"2025-05-26T16:16:49","slug":"a-i5-ens-convertim-en-antoni-tapies","status":"publish","type":"post","link":"https:\/\/agora.xtec.cat\/ceip-agsantandreu\/general\/a-i5-ens-convertim-en-antoni-tapies\/","title":{"rendered":"A I5 ens convertim en Antoni T\u00e0pies!"},"content":{"rendered":"<p>A I5 ens hem convertit en l&#8217;Antoni T\u00e0pies i hem recreat el seu museu. Hem apr\u00e8s com pintava i feia escultures i ens ho hem passat d&#8217;all\u00f2 m\u00e9s b\u00e9.<\/p>\n<p>Aqu\u00ed teniu un recull de fotografies.<\/p>\n<p><a href=\"https:\/\/photos.app.goo.gl\/eY6spPcj2q6jEhqD7\" target=\"_blank\" rel=\"noopener\">FOTOGRAFIES I5A<\/a><\/p>\n<p><a href=\"https:\/\/photos.app.goo.gl\/TXM96RbAEUVp3B3z7\" target=\"_blank\" rel=\"noopener\">FOTOGRAFIES I5B<\/a><\/p>\n<p><img loading=\"lazy\" decoding=\"async\" class=\"wp-image-8962 alignleft\" src=\"https:\/\/agora.xtec.cat\/ceip-agsantandreu\/wp-content\/uploads\/usu37\/2025\/05\/Captura-de-pantalla-2025-05-23-a-las-13.48.44-1024x491.png\" alt=\"\" width=\"660\" height=\"317\" srcset=\"https:\/\/agora.xtec.cat\/ceip-agsantandreu\/wp-content\/uploads\/usu37\/2025\/05\/Captura-de-pantalla-2025-05-23-a-las-13.48.44-1024x491.png 1024w, https:\/\/agora.xtec.cat\/ceip-agsantandreu\/wp-content\/uploads\/usu37\/2025\/05\/Captura-de-pantalla-2025-05-23-a-las-13.48.44-300x144.png 300w, https:\/\/agora.xtec.cat\/ceip-agsantandreu\/wp-content\/uploads\/usu37\/2025\/05\/Captura-de-pantalla-2025-05-23-a-las-13.48.44-768x368.png 768w, https:\/\/agora.xtec.cat\/ceip-agsantandreu\/wp-content\/uploads\/usu37\/2025\/05\/Captura-de-pantalla-2025-05-23-a-las-13.48.44-1536x736.png 1536w, https:\/\/agora.xtec.cat\/ceip-agsantandreu\/wp-content\/uploads\/usu37\/2025\/05\/Captura-de-pantalla-2025-05-23-a-las-13.48.44.png 1552w\" sizes=\"auto, (max-width: 660px) 100vw, 660px\" \/><\/p>\n","protected":false},"excerpt":{"rendered":"<p>A I5 ens hem convertit en l&#8217;Antoni T\u00e0pies i hem recreat el seu museu. Hem apr\u00e8s com pintava i feia escultures i ens ho hem passat d&#8217;all\u00f2 m\u00e9s b\u00e9.<br \/>\nAqu\u00ed teniu un recull de fotografies.<br \/>\n<a href=\"https:\/\/photos.app.goo.gl\/eY6spPcj2q6jEhqD7\" target=\"_blank\" rel=\"noopener\">FOTOGRAFIES I5A<\/a><br \/>\n<a href=\"https:\/\/photos.app.goo.gl\/TXM96RbAEUVp3B3z7\" target=\"_blank\" rel=\"noopener\">FOTOGRAFIES I5B<\/a><\/p>\n","protected":false},"author":3,"featured_media":0,"comment_status":"open","ping_status":"closed","sticky":false,"template":"","format":"standard","meta":{"_bbp_topic_count":0,"_bbp_reply_count":0,"_bbp_total_topic_count":0,"_bbp_total_reply_count":0,"_bbp_voice_count":0,"_bbp_anonymous_reply_count":0,"_bbp_topic_count_hidden":0,"_bbp_reply_count_hidden":0,"_bbp_forum_subforum_count":0,"footnotes":""},"categories":[2,1,4],"tags":[],"class_list":["post-8941","post","type-post","status-publish","format-standard","hentry","category-petits","category-general","category-portada"],"post_mailing_queue_ids":[],"_links":{"self":[{"href":"https:\/\/agora.xtec.cat\/ceip-agsantandreu\/wp-json\/wp\/v2\/posts\/8941","targetHints":{"allow":["GET"]}}],"collection":[{"href":"https:\/\/agora.xtec.cat\/ceip-agsantandreu\/wp-json\/wp\/v2\/posts"}],"about":[{"href":"https:\/\/agora.xtec.cat\/ceip-agsantandreu\/wp-json\/wp\/v2\/types\/post"}],"author":[{"embeddable":true,"href":"https:\/\/agora.xtec.cat\/ceip-agsantandreu\/wp-json\/wp\/v2\/users\/3"}],"replies":[{"embeddable":true,"href":"https:\/\/agora.xtec.cat\/ceip-agsantandreu\/wp-json\/wp\/v2\/comments?post=8941"}],"version-history":[{"count":2,"href":"https:\/\/agora.xtec.cat\/ceip-agsantandreu\/wp-json\/wp\/v2\/posts\/8941\/revisions"}],"predecessor-version":[{"id":8963,"href":"https:\/\/agora.xtec.cat\/ceip-agsantandreu\/wp-json\/wp\/v2\/posts\/8941\/revisions\/8963"}],"wp:attachment":[{"href":"https:\/\/agora.xtec.cat\/ceip-agsantandreu\/wp-json\/wp\/v2\/media?parent=8941"}],"wp:term":[{"taxonomy":"category","embeddable":true,"href":"https:\/\/agora.xtec.cat\/ceip-agsantandreu\/wp-json\/wp\/v2\/categories?post=8941"},{"taxonomy":"post_tag","embeddable":true,"href":"https:\/\/agora.xtec.cat\/ceip-agsantandreu\/wp-json\/wp\/v2\/tags?post=8941"}],"curies":[{"name":"wp","href":"https:\/\/api.w.org\/{rel}","templated":true}]}}