{"id":8934,"date":"2025-05-19T13:40:08","date_gmt":"2025-05-19T11:40:08","guid":{"rendered":"https:\/\/agora.xtec.cat\/ceip-agsantandreu\/?p=8934"},"modified":"2025-05-19T13:40:08","modified_gmt":"2025-05-19T11:40:08","slug":"la-veu-de-la-terra","status":"publish","type":"post","link":"https:\/\/agora.xtec.cat\/ceip-agsantandreu\/general\/la-veu-de-la-terra\/","title":{"rendered":"LA VEU DE LA TERRA"},"content":{"rendered":"<p>Els nens i nenes de tercer cicle durant el segon trimestre vam estar realitzant activitats musicals en relaci\u00f3 a la tem\u00e0tica dels ODS. Aquestes activitats les he basat en el projecte &#8220;La veu de la Terra&#8221; del grup Petaca (Petit Taller de Can\u00e7ons), on el propi planeta n&#8217;\u00e9s el protagonista. A 5\u00e8, vam aprendre la can\u00e7\u00f3 &#8220;No ens desdibuixeu&#8221; i la vam anar a cantar davant l&#8217;alumnat d&#8217;educaci\u00f3 infantil. A 6\u00e8, vam elaborar una base r\u00edtmica senzilla en petits grups amb el programa &#8220;Song Maker&#8221; per acompanyar els clams, frases en relaci\u00f3 a tots els canvis que est\u00e0 patint el nostre planeta. Aqu\u00ed us deixem la mostra d&#8217;aquestes activitats. Vull agrair la participaci\u00f3 i col\u00b7laboraci\u00f3 de tothom que ho ha fet possible.<\/p>\n<p><a href=\"https:\/\/youtu.be\/UmNc8t2qShk\" target=\"_blank\" rel=\"noopener\">Aqu\u00ed us deixem l&#8217;enlla\u00e7 del v\u00eddeo!<\/a><\/p>\n<p><a href=\"https:\/\/youtu.be\/UmNc8t2qShk\" target=\"_blank\" rel=\"noopener\"><img loading=\"lazy\" decoding=\"async\" class=\"aligncenter wp-image-8935 size-large\" src=\"https:\/\/agora.xtec.cat\/ceip-agsantandreu\/wp-content\/uploads\/usu37\/2025\/05\/Captura-10-1024x576.png\" alt=\"\" width=\"1024\" height=\"576\" srcset=\"https:\/\/agora.xtec.cat\/ceip-agsantandreu\/wp-content\/uploads\/usu37\/2025\/05\/Captura-10-1024x576.png 1024w, https:\/\/agora.xtec.cat\/ceip-agsantandreu\/wp-content\/uploads\/usu37\/2025\/05\/Captura-10-300x169.png 300w, https:\/\/agora.xtec.cat\/ceip-agsantandreu\/wp-content\/uploads\/usu37\/2025\/05\/Captura-10-768x432.png 768w, https:\/\/agora.xtec.cat\/ceip-agsantandreu\/wp-content\/uploads\/usu37\/2025\/05\/Captura-10-1536x864.png 1536w, https:\/\/agora.xtec.cat\/ceip-agsantandreu\/wp-content\/uploads\/usu37\/2025\/05\/Captura-10.png 1920w\" sizes=\"auto, (max-width: 1024px) 100vw, 1024px\" \/><\/a><\/p>\n","protected":false},"excerpt":{"rendered":"<p>Els nens i nenes de tercer cicle durant el segon trimestre vam estar realitzant activitats musicals en relaci\u00f3 a la tem\u00e0tica dels ODS. Aquestes activitats les he basat en el projecte &#8220;La veu de la Terra&#8221; del grup Petaca (Petit Taller de Can\u00e7ons), on el&hellip;  <a href=\"https:\/\/agora.xtec.cat\/ceip-agsantandreu\/general\/la-veu-de-la-terra\/\" title=\"Read LA VEU DE LA TERRA\">Llegeix m\u00e9s\u00bb<\/a><\/p>\n","protected":false},"author":1,"featured_media":8936,"comment_status":"closed","ping_status":"closed","sticky":false,"template":"","format":"standard","meta":{"_bbp_topic_count":0,"_bbp_reply_count":0,"_bbp_total_topic_count":0,"_bbp_total_reply_count":0,"_bbp_voice_count":0,"_bbp_anonymous_reply_count":0,"_bbp_topic_count_hidden":0,"_bbp_reply_count_hidden":0,"_bbp_forum_subforum_count":0,"footnotes":""},"categories":[59,1,4],"tags":[],"class_list":["post-8934","post","type-post","status-publish","format-standard","has-post-thumbnail","hentry","category-grans","category-general","category-portada"],"post_mailing_queue_ids":[],"_links":{"self":[{"href":"https:\/\/agora.xtec.cat\/ceip-agsantandreu\/wp-json\/wp\/v2\/posts\/8934","targetHints":{"allow":["GET"]}}],"collection":[{"href":"https:\/\/agora.xtec.cat\/ceip-agsantandreu\/wp-json\/wp\/v2\/posts"}],"about":[{"href":"https:\/\/agora.xtec.cat\/ceip-agsantandreu\/wp-json\/wp\/v2\/types\/post"}],"author":[{"embeddable":true,"href":"https:\/\/agora.xtec.cat\/ceip-agsantandreu\/wp-json\/wp\/v2\/users\/1"}],"replies":[{"embeddable":true,"href":"https:\/\/agora.xtec.cat\/ceip-agsantandreu\/wp-json\/wp\/v2\/comments?post=8934"}],"version-history":[{"count":1,"href":"https:\/\/agora.xtec.cat\/ceip-agsantandreu\/wp-json\/wp\/v2\/posts\/8934\/revisions"}],"predecessor-version":[{"id":8937,"href":"https:\/\/agora.xtec.cat\/ceip-agsantandreu\/wp-json\/wp\/v2\/posts\/8934\/revisions\/8937"}],"wp:featuredmedia":[{"embeddable":true,"href":"https:\/\/agora.xtec.cat\/ceip-agsantandreu\/wp-json\/wp\/v2\/media\/8936"}],"wp:attachment":[{"href":"https:\/\/agora.xtec.cat\/ceip-agsantandreu\/wp-json\/wp\/v2\/media?parent=8934"}],"wp:term":[{"taxonomy":"category","embeddable":true,"href":"https:\/\/agora.xtec.cat\/ceip-agsantandreu\/wp-json\/wp\/v2\/categories?post=8934"},{"taxonomy":"post_tag","embeddable":true,"href":"https:\/\/agora.xtec.cat\/ceip-agsantandreu\/wp-json\/wp\/v2\/tags?post=8934"}],"curies":[{"name":"wp","href":"https:\/\/api.w.org\/{rel}","templated":true}]}}