{"id":8931,"date":"2025-05-16T13:30:47","date_gmt":"2025-05-16T11:30:47","guid":{"rendered":"https:\/\/agora.xtec.cat\/ceip-agsantandreu\/?p=8931"},"modified":"2025-05-16T13:30:47","modified_gmt":"2025-05-16T11:30:47","slug":"inaugurem-el-museu-de-lantoni-tapies-a-i5","status":"publish","type":"post","link":"https:\/\/agora.xtec.cat\/ceip-agsantandreu\/general\/inaugurem-el-museu-de-lantoni-tapies-a-i5\/","title":{"rendered":"Inaugurem el museu de l&#8217;Antoni T\u00e0pies a I5"},"content":{"rendered":"<p>Ahir vam inaugurar el museu d&#8217;Antoni T\u00e0pies a la nostra escola. Despr\u00e9s d&#8217;unes setmanes de molt treball els infants amb molta il\u00b7lusi\u00f3 han pogut mostrar les seves obres i han demostrat ser grans artistes. Gr\u00e0cies per la gran participaci\u00f3 de totes les fam\u00edlies. En uns dies rebreu un pdf amb el proc\u00e9s d&#8217;elaboraci\u00f3 del museu.<\/p>\n<p><a href=\"https:\/\/photos.app.goo.gl\/2ibdDdi3pgk1rYxf8\" target=\"_blank\" rel=\"noopener\">FOTOGRAFIES MUSEU<\/a><\/p>\n<p>Les mestres d&#8217;i5<\/p>\n<p><a href=\"https:\/\/photos.app.goo.gl\/2ibdDdi3pgk1rYxf8\"><img loading=\"lazy\" decoding=\"async\" class=\"wp-image-8932 alignleft\" src=\"https:\/\/agora.xtec.cat\/ceip-agsantandreu\/wp-content\/uploads\/usu37\/2025\/05\/Captura-de-pantalla-2025-05-16-a-las-13.29.24-1024x470.png\" alt=\"\" width=\"621\" height=\"285\" srcset=\"https:\/\/agora.xtec.cat\/ceip-agsantandreu\/wp-content\/uploads\/usu37\/2025\/05\/Captura-de-pantalla-2025-05-16-a-las-13.29.24-1024x470.png 1024w, https:\/\/agora.xtec.cat\/ceip-agsantandreu\/wp-content\/uploads\/usu37\/2025\/05\/Captura-de-pantalla-2025-05-16-a-las-13.29.24-300x138.png 300w, https:\/\/agora.xtec.cat\/ceip-agsantandreu\/wp-content\/uploads\/usu37\/2025\/05\/Captura-de-pantalla-2025-05-16-a-las-13.29.24-768x352.png 768w, https:\/\/agora.xtec.cat\/ceip-agsantandreu\/wp-content\/uploads\/usu37\/2025\/05\/Captura-de-pantalla-2025-05-16-a-las-13.29.24.png 1408w\" sizes=\"auto, (max-width: 621px) 100vw, 621px\" \/><\/a><\/p>\n","protected":false},"excerpt":{"rendered":"<p>Ahir vam inaugurar el museu d&#8217;Antoni T\u00e0pies a la nostra escola. Despr\u00e9s d&#8217;unes setmanes de molt treball els infants amb molta il\u00b7lusi\u00f3 han pogut mostrar les seves obres i han demostrat ser grans artistes. Gr\u00e0cies per la gran participaci\u00f3 de totes les fam\u00edlies. En uns&hellip;  <a href=\"https:\/\/agora.xtec.cat\/ceip-agsantandreu\/general\/inaugurem-el-museu-de-lantoni-tapies-a-i5\/\" title=\"Read Inaugurem el museu de l&#8217;Antoni T\u00e0pies a I5\">Llegeix m\u00e9s\u00bb<\/a><\/p>\n","protected":false},"author":3,"featured_media":0,"comment_status":"open","ping_status":"closed","sticky":false,"template":"","format":"standard","meta":{"_bbp_topic_count":0,"_bbp_reply_count":0,"_bbp_total_topic_count":0,"_bbp_total_reply_count":0,"_bbp_voice_count":0,"_bbp_anonymous_reply_count":0,"_bbp_topic_count_hidden":0,"_bbp_reply_count_hidden":0,"_bbp_forum_subforum_count":0,"footnotes":""},"categories":[2,1,4],"tags":[],"class_list":["post-8931","post","type-post","status-publish","format-standard","hentry","category-petits","category-general","category-portada"],"post_mailing_queue_ids":[],"_links":{"self":[{"href":"https:\/\/agora.xtec.cat\/ceip-agsantandreu\/wp-json\/wp\/v2\/posts\/8931","targetHints":{"allow":["GET"]}}],"collection":[{"href":"https:\/\/agora.xtec.cat\/ceip-agsantandreu\/wp-json\/wp\/v2\/posts"}],"about":[{"href":"https:\/\/agora.xtec.cat\/ceip-agsantandreu\/wp-json\/wp\/v2\/types\/post"}],"author":[{"embeddable":true,"href":"https:\/\/agora.xtec.cat\/ceip-agsantandreu\/wp-json\/wp\/v2\/users\/3"}],"replies":[{"embeddable":true,"href":"https:\/\/agora.xtec.cat\/ceip-agsantandreu\/wp-json\/wp\/v2\/comments?post=8931"}],"version-history":[{"count":1,"href":"https:\/\/agora.xtec.cat\/ceip-agsantandreu\/wp-json\/wp\/v2\/posts\/8931\/revisions"}],"predecessor-version":[{"id":8933,"href":"https:\/\/agora.xtec.cat\/ceip-agsantandreu\/wp-json\/wp\/v2\/posts\/8931\/revisions\/8933"}],"wp:attachment":[{"href":"https:\/\/agora.xtec.cat\/ceip-agsantandreu\/wp-json\/wp\/v2\/media?parent=8931"}],"wp:term":[{"taxonomy":"category","embeddable":true,"href":"https:\/\/agora.xtec.cat\/ceip-agsantandreu\/wp-json\/wp\/v2\/categories?post=8931"},{"taxonomy":"post_tag","embeddable":true,"href":"https:\/\/agora.xtec.cat\/ceip-agsantandreu\/wp-json\/wp\/v2\/tags?post=8931"}],"curies":[{"name":"wp","href":"https:\/\/api.w.org\/{rel}","templated":true}]}}