{"id":8921,"date":"2025-05-12T21:52:32","date_gmt":"2025-05-12T19:52:32","guid":{"rendered":"https:\/\/agora.xtec.cat\/ceip-agsantandreu\/?p=8921"},"modified":"2025-05-12T21:52:32","modified_gmt":"2025-05-12T19:52:32","slug":"i5-anem-a-can-salvi","status":"publish","type":"post","link":"https:\/\/agora.xtec.cat\/ceip-agsantandreu\/general\/i5-anem-a-can-salvi\/","title":{"rendered":"I5 anem a Can Salvi"},"content":{"rendered":"<p>Avui els nens i nenes d&#8217;I5 hem anat a Can Salvi a fer jocs cooperatius amb infants d&#8217;altres escoles. Ens ho hem passat d&#8217;all\u00f2 m\u00e9s b\u00e9!<\/p>\n<p>Aqu\u00ed teniu algunes <a href=\"https:\/\/photos.app.goo.gl\/hW6ksM2zBwqptMsU6\" target=\"_blank\" rel=\"noopener\">fotografies<\/a>.<\/p>\n<p><img loading=\"lazy\" decoding=\"async\" class=\"wp-image-8922 alignleft\" src=\"https:\/\/agora.xtec.cat\/ceip-agsantandreu\/wp-content\/uploads\/usu37\/2025\/05\/PHOTO-2025-05-12-19-15-16-3-1024x768.jpg\" alt=\"\" width=\"627\" height=\"471\" srcset=\"https:\/\/agora.xtec.cat\/ceip-agsantandreu\/wp-content\/uploads\/usu37\/2025\/05\/PHOTO-2025-05-12-19-15-16-3-1024x768.jpg 1024w, https:\/\/agora.xtec.cat\/ceip-agsantandreu\/wp-content\/uploads\/usu37\/2025\/05\/PHOTO-2025-05-12-19-15-16-3-300x225.jpg 300w, https:\/\/agora.xtec.cat\/ceip-agsantandreu\/wp-content\/uploads\/usu37\/2025\/05\/PHOTO-2025-05-12-19-15-16-3-768x576.jpg 768w, https:\/\/agora.xtec.cat\/ceip-agsantandreu\/wp-content\/uploads\/usu37\/2025\/05\/PHOTO-2025-05-12-19-15-16-3-1536x1152.jpg 1536w, https:\/\/agora.xtec.cat\/ceip-agsantandreu\/wp-content\/uploads\/usu37\/2025\/05\/PHOTO-2025-05-12-19-15-16-3-200x150.jpg 200w, https:\/\/agora.xtec.cat\/ceip-agsantandreu\/wp-content\/uploads\/usu37\/2025\/05\/PHOTO-2025-05-12-19-15-16-3.jpg 2000w\" sizes=\"auto, (max-width: 627px) 100vw, 627px\" \/><\/p>\n","protected":false},"excerpt":{"rendered":"<p>Avui els nens i nenes d&#8217;I5 hem anat a Can Salvi a fer jocs cooperatius amb infants d&#8217;altres escoles. Ens ho hem passat d&#8217;all\u00f2 m\u00e9s b\u00e9!<br \/>\nAqu\u00ed teniu algunes <a href=\"https:\/\/photos.app.goo.gl\/hW6ksM2zBwqptMsU6\" target=\"_blank\" rel=\"noopener\">fotografies<\/a>.<\/p>\n","protected":false},"author":3,"featured_media":0,"comment_status":"open","ping_status":"closed","sticky":false,"template":"","format":"standard","meta":{"_bbp_topic_count":0,"_bbp_reply_count":0,"_bbp_total_topic_count":0,"_bbp_total_reply_count":0,"_bbp_voice_count":0,"_bbp_anonymous_reply_count":0,"_bbp_topic_count_hidden":0,"_bbp_reply_count_hidden":0,"_bbp_forum_subforum_count":0,"footnotes":""},"categories":[2,1,4],"tags":[],"class_list":["post-8921","post","type-post","status-publish","format-standard","hentry","category-petits","category-general","category-portada"],"post_mailing_queue_ids":[],"_links":{"self":[{"href":"https:\/\/agora.xtec.cat\/ceip-agsantandreu\/wp-json\/wp\/v2\/posts\/8921","targetHints":{"allow":["GET"]}}],"collection":[{"href":"https:\/\/agora.xtec.cat\/ceip-agsantandreu\/wp-json\/wp\/v2\/posts"}],"about":[{"href":"https:\/\/agora.xtec.cat\/ceip-agsantandreu\/wp-json\/wp\/v2\/types\/post"}],"author":[{"embeddable":true,"href":"https:\/\/agora.xtec.cat\/ceip-agsantandreu\/wp-json\/wp\/v2\/users\/3"}],"replies":[{"embeddable":true,"href":"https:\/\/agora.xtec.cat\/ceip-agsantandreu\/wp-json\/wp\/v2\/comments?post=8921"}],"version-history":[{"count":1,"href":"https:\/\/agora.xtec.cat\/ceip-agsantandreu\/wp-json\/wp\/v2\/posts\/8921\/revisions"}],"predecessor-version":[{"id":8923,"href":"https:\/\/agora.xtec.cat\/ceip-agsantandreu\/wp-json\/wp\/v2\/posts\/8921\/revisions\/8923"}],"wp:attachment":[{"href":"https:\/\/agora.xtec.cat\/ceip-agsantandreu\/wp-json\/wp\/v2\/media?parent=8921"}],"wp:term":[{"taxonomy":"category","embeddable":true,"href":"https:\/\/agora.xtec.cat\/ceip-agsantandreu\/wp-json\/wp\/v2\/categories?post=8921"},{"taxonomy":"post_tag","embeddable":true,"href":"https:\/\/agora.xtec.cat\/ceip-agsantandreu\/wp-json\/wp\/v2\/tags?post=8921"}],"curies":[{"name":"wp","href":"https:\/\/api.w.org\/{rel}","templated":true}]}}