{"id":8912,"date":"2025-05-09T17:31:33","date_gmt":"2025-05-09T15:31:33","guid":{"rendered":"https:\/\/agora.xtec.cat\/ceip-agsantandreu\/?p=8912"},"modified":"2025-05-12T14:52:49","modified_gmt":"2025-05-12T12:52:49","slug":"i3-tallers-de-primavera-en-familia","status":"publish","type":"post","link":"https:\/\/agora.xtec.cat\/ceip-agsantandreu\/general\/i3-tallers-de-primavera-en-familia\/","title":{"rendered":"I3. Tallers de primavera en fam\u00edlia"},"content":{"rendered":"<p data-pm-slice=\"1 1 []\">Aquesta tarda les tortugues marines hem viscut una jornada molt especial a l\u2019escola. Les fam\u00edlies han compartit amb nosaltres una tarda plena de creativitat, col\u00b7laboraci\u00f3 i alegria, participant en diferents tallers inspirats en la primavera.<\/p>\n<p>Junts, infants i adults han pintat un colorit mural, han creat m\u00f2bils amb p\u00e8tals i han elaborat bossetes arom\u00e0tiques amb roman\u00ed. Ha estat una oportunitat meravellosa per compartir temps de qualitat en un ambient relaxat i, alhora, enfortir els vincles entre escola i fam\u00edlia.<\/p>\n<p>Agra\u00efm de tot cor a totes les fam\u00edlies que ens heu pogut acompanyar i que heu aportat la vostra energia i entusiasme. Gr\u00e0cies per fer d\u2019aquesta tarda un record tan bonic per a tothom!<\/p>\n<p>Us deixem un recull de fotografies d&#8217;aquesta gran tarda <a href=\"https:\/\/photos.app.goo.gl\/7SncEL5WLECGftoS7\">AQU\u00cd<\/a>!<\/p>\n<p>&nbsp;<\/p>\n<p><img loading=\"lazy\" decoding=\"async\" class=\"aligncenter wp-image-8916 \" src=\"https:\/\/agora.xtec.cat\/ceip-agsantandreu\/wp-content\/uploads\/usu37\/2025\/05\/PHOTO-2025-05-09-17-29-32-300x268.jpg\" alt=\"\" width=\"440\" height=\"393\" srcset=\"https:\/\/agora.xtec.cat\/ceip-agsantandreu\/wp-content\/uploads\/usu37\/2025\/05\/PHOTO-2025-05-09-17-29-32-300x268.jpg 300w, https:\/\/agora.xtec.cat\/ceip-agsantandreu\/wp-content\/uploads\/usu37\/2025\/05\/PHOTO-2025-05-09-17-29-32-1024x913.jpg 1024w, https:\/\/agora.xtec.cat\/ceip-agsantandreu\/wp-content\/uploads\/usu37\/2025\/05\/PHOTO-2025-05-09-17-29-32-768x685.jpg 768w, https:\/\/agora.xtec.cat\/ceip-agsantandreu\/wp-content\/uploads\/usu37\/2025\/05\/PHOTO-2025-05-09-17-29-32-1536x1370.jpg 1536w, https:\/\/agora.xtec.cat\/ceip-agsantandreu\/wp-content\/uploads\/usu37\/2025\/05\/PHOTO-2025-05-09-17-29-32.jpg 1600w\" sizes=\"auto, (max-width: 440px) 100vw, 440px\" \/><\/p>\n","protected":false},"excerpt":{"rendered":"<p>Aquesta tarda les tortugues marines hem viscut una jornada molt especial a l\u2019escola. Les fam\u00edlies han compartit amb nosaltres una tarda plena de creativitat, col\u00b7laboraci\u00f3 i alegria, participant en diferents tallers inspirats en la primavera.<br \/>\nJunts, infants i adults han pintat un colorit mural, han creat&hellip;  <a href=\"https:\/\/agora.xtec.cat\/ceip-agsantandreu\/general\/i3-tallers-de-primavera-en-familia\/\" title=\"Read I3. Tallers de primavera en fam\u00edlia\">Llegeix m\u00e9s\u00bb<\/a><\/p>\n","protected":false},"author":3,"featured_media":0,"comment_status":"closed","ping_status":"closed","sticky":false,"template":"","format":"standard","meta":{"_bbp_topic_count":0,"_bbp_reply_count":0,"_bbp_total_topic_count":0,"_bbp_total_reply_count":0,"_bbp_voice_count":0,"_bbp_anonymous_reply_count":0,"_bbp_topic_count_hidden":0,"_bbp_reply_count_hidden":0,"_bbp_forum_subforum_count":0,"footnotes":""},"categories":[2,1,4],"tags":[],"class_list":["post-8912","post","type-post","status-publish","format-standard","hentry","category-petits","category-general","category-portada"],"post_mailing_queue_ids":[],"_links":{"self":[{"href":"https:\/\/agora.xtec.cat\/ceip-agsantandreu\/wp-json\/wp\/v2\/posts\/8912","targetHints":{"allow":["GET"]}}],"collection":[{"href":"https:\/\/agora.xtec.cat\/ceip-agsantandreu\/wp-json\/wp\/v2\/posts"}],"about":[{"href":"https:\/\/agora.xtec.cat\/ceip-agsantandreu\/wp-json\/wp\/v2\/types\/post"}],"author":[{"embeddable":true,"href":"https:\/\/agora.xtec.cat\/ceip-agsantandreu\/wp-json\/wp\/v2\/users\/3"}],"replies":[{"embeddable":true,"href":"https:\/\/agora.xtec.cat\/ceip-agsantandreu\/wp-json\/wp\/v2\/comments?post=8912"}],"version-history":[{"count":3,"href":"https:\/\/agora.xtec.cat\/ceip-agsantandreu\/wp-json\/wp\/v2\/posts\/8912\/revisions"}],"predecessor-version":[{"id":8919,"href":"https:\/\/agora.xtec.cat\/ceip-agsantandreu\/wp-json\/wp\/v2\/posts\/8912\/revisions\/8919"}],"wp:attachment":[{"href":"https:\/\/agora.xtec.cat\/ceip-agsantandreu\/wp-json\/wp\/v2\/media?parent=8912"}],"wp:term":[{"taxonomy":"category","embeddable":true,"href":"https:\/\/agora.xtec.cat\/ceip-agsantandreu\/wp-json\/wp\/v2\/categories?post=8912"},{"taxonomy":"post_tag","embeddable":true,"href":"https:\/\/agora.xtec.cat\/ceip-agsantandreu\/wp-json\/wp\/v2\/tags?post=8912"}],"curies":[{"name":"wp","href":"https:\/\/api.w.org\/{rel}","templated":true}]}}