{"id":8891,"date":"2025-05-06T08:30:20","date_gmt":"2025-05-06T06:30:20","guid":{"rendered":"https:\/\/agora.xtec.cat\/ceip-agsantandreu\/?p=8891"},"modified":"2025-05-05T22:12:42","modified_gmt":"2025-05-05T20:12:42","slug":"fem-pots-de-sal-a-i5b","status":"publish","type":"post","link":"https:\/\/agora.xtec.cat\/ceip-agsantandreu\/general\/fem-pots-de-sal-a-i5b\/","title":{"rendered":"Fem pots de sal a I5B"},"content":{"rendered":"<p><span style=\"font-weight: 400\">El divendres passat, a I5B, vam fer un pot de sal amb l\u2019ajuda de les fam\u00edlies i ens ho vam passar d\u2019all\u00f2 m\u00e9s b\u00e9.<\/span><\/p>\n<p><span style=\"font-weight: 400\">Aqu\u00ed teniu un recull de fotografies.<\/span><\/p>\n<p><a href=\"https:\/\/photos.app.goo.gl\/SM7NVfcJDQ9hecCWA\" target=\"_blank\" rel=\"noopener\">FOTOS<\/a><\/p>\n<p><span style=\"font-weight: 400\">Moltes gr\u00e0cies fam\u00edlies!<\/span><\/p>\n<p><a href=\"https:\/\/photos.app.goo.gl\/SM7NVfcJDQ9hecCWA\" target=\"_blank\" rel=\"noopener\"><img loading=\"lazy\" decoding=\"async\" class=\"alignleft wp-image-8892\" src=\"https:\/\/agora.xtec.cat\/ceip-agsantandreu\/wp-content\/uploads\/usu37\/2025\/05\/fotosal-1024x768.jpg\" alt=\"\" width=\"684\" height=\"513\" srcset=\"https:\/\/agora.xtec.cat\/ceip-agsantandreu\/wp-content\/uploads\/usu37\/2025\/05\/fotosal-1024x768.jpg 1024w, https:\/\/agora.xtec.cat\/ceip-agsantandreu\/wp-content\/uploads\/usu37\/2025\/05\/fotosal-300x225.jpg 300w, https:\/\/agora.xtec.cat\/ceip-agsantandreu\/wp-content\/uploads\/usu37\/2025\/05\/fotosal-768x576.jpg 768w, https:\/\/agora.xtec.cat\/ceip-agsantandreu\/wp-content\/uploads\/usu37\/2025\/05\/fotosal-1536x1152.jpg 1536w, https:\/\/agora.xtec.cat\/ceip-agsantandreu\/wp-content\/uploads\/usu37\/2025\/05\/fotosal-200x150.jpg 200w, https:\/\/agora.xtec.cat\/ceip-agsantandreu\/wp-content\/uploads\/usu37\/2025\/05\/fotosal.jpg 2048w\" sizes=\"auto, (max-width: 684px) 100vw, 684px\" \/><\/a><\/p>\n","protected":false},"excerpt":{"rendered":"<p>El divendres passat, a I5B, vam fer un pot de sal amb l\u2019ajuda de les fam\u00edlies i ens ho vam passar d\u2019all\u00f2 m\u00e9s b\u00e9.<br \/>\nAqu\u00ed teniu un recull de fotografies.<br \/>\n<a href=\"https:\/\/photos.app.goo.gl\/SM7NVfcJDQ9hecCWA\" target=\"_blank\" rel=\"noopener\">FOTOS<\/a><br \/>\nMoltes gr\u00e0cies fam\u00edlies!<br \/>\n<a href=\"https:\/\/photos.app.goo.gl\/SM7NVfcJDQ9hecCWA\" target=\"_blank\" rel=\"noopener\"><\/a><\/p>\n","protected":false},"author":3,"featured_media":0,"comment_status":"open","ping_status":"closed","sticky":false,"template":"","format":"standard","meta":{"_bbp_topic_count":0,"_bbp_reply_count":0,"_bbp_total_topic_count":0,"_bbp_total_reply_count":0,"_bbp_voice_count":0,"_bbp_anonymous_reply_count":0,"_bbp_topic_count_hidden":0,"_bbp_reply_count_hidden":0,"_bbp_forum_subforum_count":0,"footnotes":""},"categories":[2,1,4],"tags":[],"class_list":["post-8891","post","type-post","status-publish","format-standard","hentry","category-petits","category-general","category-portada"],"post_mailing_queue_ids":[],"_links":{"self":[{"href":"https:\/\/agora.xtec.cat\/ceip-agsantandreu\/wp-json\/wp\/v2\/posts\/8891","targetHints":{"allow":["GET"]}}],"collection":[{"href":"https:\/\/agora.xtec.cat\/ceip-agsantandreu\/wp-json\/wp\/v2\/posts"}],"about":[{"href":"https:\/\/agora.xtec.cat\/ceip-agsantandreu\/wp-json\/wp\/v2\/types\/post"}],"author":[{"embeddable":true,"href":"https:\/\/agora.xtec.cat\/ceip-agsantandreu\/wp-json\/wp\/v2\/users\/3"}],"replies":[{"embeddable":true,"href":"https:\/\/agora.xtec.cat\/ceip-agsantandreu\/wp-json\/wp\/v2\/comments?post=8891"}],"version-history":[{"count":2,"href":"https:\/\/agora.xtec.cat\/ceip-agsantandreu\/wp-json\/wp\/v2\/posts\/8891\/revisions"}],"predecessor-version":[{"id":8894,"href":"https:\/\/agora.xtec.cat\/ceip-agsantandreu\/wp-json\/wp\/v2\/posts\/8891\/revisions\/8894"}],"wp:attachment":[{"href":"https:\/\/agora.xtec.cat\/ceip-agsantandreu\/wp-json\/wp\/v2\/media?parent=8891"}],"wp:term":[{"taxonomy":"category","embeddable":true,"href":"https:\/\/agora.xtec.cat\/ceip-agsantandreu\/wp-json\/wp\/v2\/categories?post=8891"},{"taxonomy":"post_tag","embeddable":true,"href":"https:\/\/agora.xtec.cat\/ceip-agsantandreu\/wp-json\/wp\/v2\/tags?post=8891"}],"curies":[{"name":"wp","href":"https:\/\/api.w.org\/{rel}","templated":true}]}}