{"id":8881,"date":"2025-04-23T17:31:59","date_gmt":"2025-04-23T15:31:59","guid":{"rendered":"https:\/\/agora.xtec.cat\/ceip-agsantandreu\/?p=8881"},"modified":"2025-04-23T17:31:59","modified_gmt":"2025-04-23T15:31:59","slug":"diada-de-sant-jordi","status":"publish","type":"post","link":"https:\/\/agora.xtec.cat\/ceip-agsantandreu\/general\/diada-de-sant-jordi\/","title":{"rendered":"Diada de Sant Jordi"},"content":{"rendered":"<p>Avui ha estat un dia molt especial!<\/p>\n<p>Hem gaudit de la Diada de Sant Jordi! Celebrant els nostres Jocs Florals amb danses i un munt d&#8217;escrits on el nostre alumnat ha posat tota la seva empremta i dedicaci\u00f3. Un esfor\u00e7 que ha donat com a resultat una jornada preciosa i plena d&#8217;emoci\u00f3.<\/p>\n<p>Molt\u00edssimes gr\u00e0cies a tot l&#8217;equip de mestres de l&#8217;escola, al personal del centre, a l&#8217;AFA, a les fam\u00edlies i als nostres alumnes, els protagonistes que fan possible un dia tan meravell\u00f3s com aquest!<\/p>\n<p><a href=\"https:\/\/photos.app.goo.gl\/xcYrjG1Fg8ZLjyj57\" target=\"_blank\" rel=\"noopener\">Aqu\u00ed us deixem unes imatges de la Diada de Sant Jordi!<\/a><\/p>\n<p><a href=\"https:\/\/photos.app.goo.gl\/xcYrjG1Fg8ZLjyj57\" target=\"_blank\" rel=\"noopener\"><img loading=\"lazy\" decoding=\"async\" class=\"aligncenter wp-image-8882 size-large\" src=\"https:\/\/agora.xtec.cat\/ceip-agsantandreu\/wp-content\/uploads\/usu37\/2025\/04\/Presentacion-Sant-Jordi-3D-Marron-y-blanco-1024x576.jpg\" alt=\"\" width=\"1024\" height=\"576\" srcset=\"https:\/\/agora.xtec.cat\/ceip-agsantandreu\/wp-content\/uploads\/usu37\/2025\/04\/Presentacion-Sant-Jordi-3D-Marron-y-blanco-1024x576.jpg 1024w, https:\/\/agora.xtec.cat\/ceip-agsantandreu\/wp-content\/uploads\/usu37\/2025\/04\/Presentacion-Sant-Jordi-3D-Marron-y-blanco-300x169.jpg 300w, https:\/\/agora.xtec.cat\/ceip-agsantandreu\/wp-content\/uploads\/usu37\/2025\/04\/Presentacion-Sant-Jordi-3D-Marron-y-blanco-768x432.jpg 768w, https:\/\/agora.xtec.cat\/ceip-agsantandreu\/wp-content\/uploads\/usu37\/2025\/04\/Presentacion-Sant-Jordi-3D-Marron-y-blanco-1536x864.jpg 1536w, https:\/\/agora.xtec.cat\/ceip-agsantandreu\/wp-content\/uploads\/usu37\/2025\/04\/Presentacion-Sant-Jordi-3D-Marron-y-blanco.jpg 1920w\" sizes=\"auto, (max-width: 1024px) 100vw, 1024px\" \/><\/a><\/p>\n","protected":false},"excerpt":{"rendered":"<p>Avui ha estat un dia molt especial!<br \/>\nHem gaudit de la Diada de Sant Jordi! Celebrant els nostres Jocs Florals amb danses i un munt d&#8217;escrits on el nostre alumnat ha posat tota la seva empremta i dedicaci\u00f3. Un esfor\u00e7 que ha donat com a resultat&hellip;  <a href=\"https:\/\/agora.xtec.cat\/ceip-agsantandreu\/general\/diada-de-sant-jordi\/\" title=\"Read Diada de Sant Jordi\">Llegeix m\u00e9s\u00bb<\/a><\/p>\n","protected":false},"author":1,"featured_media":0,"comment_status":"closed","ping_status":"closed","sticky":false,"template":"","format":"standard","meta":{"_bbp_topic_count":0,"_bbp_reply_count":0,"_bbp_total_topic_count":0,"_bbp_total_reply_count":0,"_bbp_voice_count":0,"_bbp_anonymous_reply_count":0,"_bbp_topic_count_hidden":0,"_bbp_reply_count_hidden":0,"_bbp_forum_subforum_count":0,"footnotes":""},"categories":[1,4],"tags":[],"class_list":["post-8881","post","type-post","status-publish","format-standard","hentry","category-general","category-portada"],"post_mailing_queue_ids":[],"_links":{"self":[{"href":"https:\/\/agora.xtec.cat\/ceip-agsantandreu\/wp-json\/wp\/v2\/posts\/8881","targetHints":{"allow":["GET"]}}],"collection":[{"href":"https:\/\/agora.xtec.cat\/ceip-agsantandreu\/wp-json\/wp\/v2\/posts"}],"about":[{"href":"https:\/\/agora.xtec.cat\/ceip-agsantandreu\/wp-json\/wp\/v2\/types\/post"}],"author":[{"embeddable":true,"href":"https:\/\/agora.xtec.cat\/ceip-agsantandreu\/wp-json\/wp\/v2\/users\/1"}],"replies":[{"embeddable":true,"href":"https:\/\/agora.xtec.cat\/ceip-agsantandreu\/wp-json\/wp\/v2\/comments?post=8881"}],"version-history":[{"count":1,"href":"https:\/\/agora.xtec.cat\/ceip-agsantandreu\/wp-json\/wp\/v2\/posts\/8881\/revisions"}],"predecessor-version":[{"id":8883,"href":"https:\/\/agora.xtec.cat\/ceip-agsantandreu\/wp-json\/wp\/v2\/posts\/8881\/revisions\/8883"}],"wp:attachment":[{"href":"https:\/\/agora.xtec.cat\/ceip-agsantandreu\/wp-json\/wp\/v2\/media?parent=8881"}],"wp:term":[{"taxonomy":"category","embeddable":true,"href":"https:\/\/agora.xtec.cat\/ceip-agsantandreu\/wp-json\/wp\/v2\/categories?post=8881"},{"taxonomy":"post_tag","embeddable":true,"href":"https:\/\/agora.xtec.cat\/ceip-agsantandreu\/wp-json\/wp\/v2\/tags?post=8881"}],"curies":[{"name":"wp","href":"https:\/\/api.w.org\/{rel}","templated":true}]}}