{"id":8875,"date":"2025-04-11T22:24:23","date_gmt":"2025-04-11T20:24:23","guid":{"rendered":"https:\/\/agora.xtec.cat\/ceip-agsantandreu\/?p=8875"},"modified":"2025-04-11T22:24:23","modified_gmt":"2025-04-11T20:24:23","slug":"la-mona-a-infantil","status":"publish","type":"post","link":"https:\/\/agora.xtec.cat\/ceip-agsantandreu\/general\/la-mona-a-infantil\/","title":{"rendered":"La mona a Infantil"},"content":{"rendered":"<p>Avui els nens i nenes d&#8217;EI hem fet la mona. Ens ho hem passat d&#8217;all\u00f2 m\u00e9s b\u00e9 i tenien una pinta bon\u00edssima.<\/p>\n<p>Aqu\u00ed teniu algunes <a href=\"https:\/\/photos.app.goo.gl\/9aNxA2ZyxPX3R9iD9\" target=\"_blank\" rel=\"noopener\">FOTOGRAFIES<\/a>.<\/p>\n<p><a href=\"https:\/\/photos.app.goo.gl\/9aNxA2ZyxPX3R9iD9\" target=\"_blank\" rel=\"noopener\"><img loading=\"lazy\" decoding=\"async\" class=\"alignleft wp-image-8876\" src=\"https:\/\/agora.xtec.cat\/ceip-agsantandreu\/wp-content\/uploads\/usu37\/2025\/04\/PHOTO-2025-04-11-14-53-58-3-1024x768.jpg\" alt=\"\" width=\"608\" height=\"456\" srcset=\"https:\/\/agora.xtec.cat\/ceip-agsantandreu\/wp-content\/uploads\/usu37\/2025\/04\/PHOTO-2025-04-11-14-53-58-3-1024x768.jpg 1024w, https:\/\/agora.xtec.cat\/ceip-agsantandreu\/wp-content\/uploads\/usu37\/2025\/04\/PHOTO-2025-04-11-14-53-58-3-300x225.jpg 300w, https:\/\/agora.xtec.cat\/ceip-agsantandreu\/wp-content\/uploads\/usu37\/2025\/04\/PHOTO-2025-04-11-14-53-58-3-768x576.jpg 768w, https:\/\/agora.xtec.cat\/ceip-agsantandreu\/wp-content\/uploads\/usu37\/2025\/04\/PHOTO-2025-04-11-14-53-58-3-1536x1152.jpg 1536w, https:\/\/agora.xtec.cat\/ceip-agsantandreu\/wp-content\/uploads\/usu37\/2025\/04\/PHOTO-2025-04-11-14-53-58-3-200x150.jpg 200w, https:\/\/agora.xtec.cat\/ceip-agsantandreu\/wp-content\/uploads\/usu37\/2025\/04\/PHOTO-2025-04-11-14-53-58-3.jpg 2048w\" sizes=\"auto, (max-width: 608px) 100vw, 608px\" \/><\/a><\/p>\n","protected":false},"excerpt":{"rendered":"<p>Avui els nens i nenes d&#8217;EI hem fet la mona. Ens ho hem passat d&#8217;all\u00f2 m\u00e9s b\u00e9 i tenien una pinta bon\u00edssima.<br \/>\nAqu\u00ed teniu algunes <a href=\"https:\/\/photos.app.goo.gl\/9aNxA2ZyxPX3R9iD9\" target=\"_blank\" rel=\"noopener\">FOTOGRAFIES<\/a>.<br \/>\n<a href=\"https:\/\/photos.app.goo.gl\/9aNxA2ZyxPX3R9iD9\" target=\"_blank\" rel=\"noopener\"><\/a><\/p>\n","protected":false},"author":3,"featured_media":0,"comment_status":"open","ping_status":"closed","sticky":false,"template":"","format":"standard","meta":{"_bbp_topic_count":0,"_bbp_reply_count":0,"_bbp_total_topic_count":0,"_bbp_total_reply_count":0,"_bbp_voice_count":0,"_bbp_anonymous_reply_count":0,"_bbp_topic_count_hidden":0,"_bbp_reply_count_hidden":0,"_bbp_forum_subforum_count":0,"footnotes":""},"categories":[2,1,4],"tags":[],"class_list":["post-8875","post","type-post","status-publish","format-standard","hentry","category-petits","category-general","category-portada"],"post_mailing_queue_ids":[],"_links":{"self":[{"href":"https:\/\/agora.xtec.cat\/ceip-agsantandreu\/wp-json\/wp\/v2\/posts\/8875","targetHints":{"allow":["GET"]}}],"collection":[{"href":"https:\/\/agora.xtec.cat\/ceip-agsantandreu\/wp-json\/wp\/v2\/posts"}],"about":[{"href":"https:\/\/agora.xtec.cat\/ceip-agsantandreu\/wp-json\/wp\/v2\/types\/post"}],"author":[{"embeddable":true,"href":"https:\/\/agora.xtec.cat\/ceip-agsantandreu\/wp-json\/wp\/v2\/users\/3"}],"replies":[{"embeddable":true,"href":"https:\/\/agora.xtec.cat\/ceip-agsantandreu\/wp-json\/wp\/v2\/comments?post=8875"}],"version-history":[{"count":1,"href":"https:\/\/agora.xtec.cat\/ceip-agsantandreu\/wp-json\/wp\/v2\/posts\/8875\/revisions"}],"predecessor-version":[{"id":8877,"href":"https:\/\/agora.xtec.cat\/ceip-agsantandreu\/wp-json\/wp\/v2\/posts\/8875\/revisions\/8877"}],"wp:attachment":[{"href":"https:\/\/agora.xtec.cat\/ceip-agsantandreu\/wp-json\/wp\/v2\/media?parent=8875"}],"wp:term":[{"taxonomy":"category","embeddable":true,"href":"https:\/\/agora.xtec.cat\/ceip-agsantandreu\/wp-json\/wp\/v2\/categories?post=8875"},{"taxonomy":"post_tag","embeddable":true,"href":"https:\/\/agora.xtec.cat\/ceip-agsantandreu\/wp-json\/wp\/v2\/tags?post=8875"}],"curies":[{"name":"wp","href":"https:\/\/api.w.org\/{rel}","templated":true}]}}