{"id":8871,"date":"2025-04-11T17:45:47","date_gmt":"2025-04-11T15:45:47","guid":{"rendered":"https:\/\/agora.xtec.cat\/ceip-agsantandreu\/?p=8871"},"modified":"2025-04-23T17:44:24","modified_gmt":"2025-04-23T15:44:24","slug":"primer-experimenta-amb-terra-de-la-lluna","status":"publish","type":"post","link":"https:\/\/agora.xtec.cat\/ceip-agsantandreu\/general\/primer-experimenta-amb-terra-de-la-lluna\/","title":{"rendered":"Primer experimenta amb terra de la Lluna."},"content":{"rendered":"<p data-pm-slice=\"1 1 []\">Els alumnes de primer, ens hem endinsat en el tema de l&#8217;Univers, ja que hem comen\u00e7at a treballar la Situaci\u00f3 d&#8217;aprenentatge &#8220;Per qu\u00e8 de vegades veiem la lluna sencera i de vegades un tros?&#8221;. Aix\u00ed que, aquesta setmana hem apr\u00e8s i descobert caracter\u00edstiques de la Lluna i hem experimentat i hem aconseguit fer terra de semblant a la de la Lluna.<\/p>\n<p>Ens ha agradat molt experimentar!<\/p>\n<p>&nbsp;<\/p>\n<p><a href=\"https:\/\/photos.app.goo.gl\/H89YnKYdbRuuXFeM9\" target=\"_blank\" rel=\"noopener\"><img loading=\"lazy\" decoding=\"async\" class=\"aligncenter wp-image-8872 size-medium\" src=\"https:\/\/agora.xtec.cat\/ceip-agsantandreu\/wp-content\/uploads\/usu37\/2025\/04\/WhatsApp-Image-2025-04-11-at-07.05.40-2-300x300.jpeg\" alt=\"\" width=\"300\" height=\"300\" srcset=\"https:\/\/agora.xtec.cat\/ceip-agsantandreu\/wp-content\/uploads\/usu37\/2025\/04\/WhatsApp-Image-2025-04-11-at-07.05.40-2-300x300.jpeg 300w, https:\/\/agora.xtec.cat\/ceip-agsantandreu\/wp-content\/uploads\/usu37\/2025\/04\/WhatsApp-Image-2025-04-11-at-07.05.40-2-1024x1024.jpeg 1024w, https:\/\/agora.xtec.cat\/ceip-agsantandreu\/wp-content\/uploads\/usu37\/2025\/04\/WhatsApp-Image-2025-04-11-at-07.05.40-2-150x150.jpeg 150w, https:\/\/agora.xtec.cat\/ceip-agsantandreu\/wp-content\/uploads\/usu37\/2025\/04\/WhatsApp-Image-2025-04-11-at-07.05.40-2-768x768.jpeg 768w, https:\/\/agora.xtec.cat\/ceip-agsantandreu\/wp-content\/uploads\/usu37\/2025\/04\/WhatsApp-Image-2025-04-11-at-07.05.40-2-1536x1536.jpeg 1536w, https:\/\/agora.xtec.cat\/ceip-agsantandreu\/wp-content\/uploads\/usu37\/2025\/04\/WhatsApp-Image-2025-04-11-at-07.05.40-2.jpeg 2048w\" sizes=\"auto, (max-width: 300px) 100vw, 300px\" \/><\/a><\/p>\n<p>&nbsp;<\/p>\n","protected":false},"excerpt":{"rendered":"<p>Els alumnes de primer, ens hem endinsat en el tema de l&#8217;Univers, ja que hem comen\u00e7at a treballar la Situaci\u00f3 d&#8217;aprenentatge &#8220;Per qu\u00e8 de vegades veiem la lluna sencera i de vegades un tros?&#8221;. Aix\u00ed que, aquesta setmana hem apr\u00e8s i descobert caracter\u00edstiques de la&hellip;  <a href=\"https:\/\/agora.xtec.cat\/ceip-agsantandreu\/general\/primer-experimenta-amb-terra-de-la-lluna\/\" title=\"Read Primer experimenta amb terra de la Lluna.\">Llegeix m\u00e9s\u00bb<\/a><\/p>\n","protected":false},"author":3,"featured_media":0,"comment_status":"closed","ping_status":"closed","sticky":false,"template":"","format":"standard","meta":{"_bbp_topic_count":0,"_bbp_reply_count":0,"_bbp_total_topic_count":0,"_bbp_total_reply_count":0,"_bbp_voice_count":0,"_bbp_anonymous_reply_count":0,"_bbp_topic_count_hidden":0,"_bbp_reply_count_hidden":0,"_bbp_forum_subforum_count":0,"footnotes":""},"categories":[5,1,4],"tags":[],"class_list":["post-8871","post","type-post","status-publish","format-standard","hentry","category-mitjans","category-general","category-portada"],"post_mailing_queue_ids":[],"_links":{"self":[{"href":"https:\/\/agora.xtec.cat\/ceip-agsantandreu\/wp-json\/wp\/v2\/posts\/8871","targetHints":{"allow":["GET"]}}],"collection":[{"href":"https:\/\/agora.xtec.cat\/ceip-agsantandreu\/wp-json\/wp\/v2\/posts"}],"about":[{"href":"https:\/\/agora.xtec.cat\/ceip-agsantandreu\/wp-json\/wp\/v2\/types\/post"}],"author":[{"embeddable":true,"href":"https:\/\/agora.xtec.cat\/ceip-agsantandreu\/wp-json\/wp\/v2\/users\/3"}],"replies":[{"embeddable":true,"href":"https:\/\/agora.xtec.cat\/ceip-agsantandreu\/wp-json\/wp\/v2\/comments?post=8871"}],"version-history":[{"count":2,"href":"https:\/\/agora.xtec.cat\/ceip-agsantandreu\/wp-json\/wp\/v2\/posts\/8871\/revisions"}],"predecessor-version":[{"id":8874,"href":"https:\/\/agora.xtec.cat\/ceip-agsantandreu\/wp-json\/wp\/v2\/posts\/8871\/revisions\/8874"}],"wp:attachment":[{"href":"https:\/\/agora.xtec.cat\/ceip-agsantandreu\/wp-json\/wp\/v2\/media?parent=8871"}],"wp:term":[{"taxonomy":"category","embeddable":true,"href":"https:\/\/agora.xtec.cat\/ceip-agsantandreu\/wp-json\/wp\/v2\/categories?post=8871"},{"taxonomy":"post_tag","embeddable":true,"href":"https:\/\/agora.xtec.cat\/ceip-agsantandreu\/wp-json\/wp\/v2\/tags?post=8871"}],"curies":[{"name":"wp","href":"https:\/\/api.w.org\/{rel}","templated":true}]}}