{"id":8869,"date":"2025-04-11T08:40:00","date_gmt":"2025-04-11T06:40:00","guid":{"rendered":"https:\/\/agora.xtec.cat\/ceip-agsantandreu\/?p=8869"},"modified":"2025-04-24T08:38:52","modified_gmt":"2025-04-24T06:38:52","slug":"primer-plantem-llavors-denciam","status":"publish","type":"post","link":"https:\/\/agora.xtec.cat\/ceip-agsantandreu\/general\/primer-plantem-llavors-denciam\/","title":{"rendered":"Primer plantem llavors d&#8217;enciam."},"content":{"rendered":"<p data-pm-slice=\"1 1 []\">A l&#8217;escola treballem la sostenibilitat del nostre planeta, aix\u00ed que fa uns dies que els alumnes de primer vam plantar llavors d&#8217;enciams, fent servir de test, els rotllos de paper higi\u00e8nic, reciclant i reutilitzant per donar-li un altre \u00fas. A m\u00e9s, els tubs del rotllo de paper s\u00f3n biodegradables i no cal treure&#8217;ls per plantar, ja que es descomponen a la terra.<\/p>\n<p>Mireu com hem gaudit d&#8217;aquesta proposta.<\/p>\n<p><a href=\"https:\/\/photos.app.goo.gl\/HY7FUSUr9SKVXmbU9\" target=\"_blank\" rel=\"noopener\"><img loading=\"lazy\" decoding=\"async\" class=\"aligncenter wp-image-8867 size-medium\" src=\"https:\/\/agora.xtec.cat\/ceip-agsantandreu\/wp-content\/uploads\/usu37\/2025\/04\/WhatsApp-Image-2025-04-11-at-07.06.27-2-300x300.jpeg\" alt=\"\" width=\"300\" height=\"300\" srcset=\"https:\/\/agora.xtec.cat\/ceip-agsantandreu\/wp-content\/uploads\/usu37\/2025\/04\/WhatsApp-Image-2025-04-11-at-07.06.27-2-300x300.jpeg 300w, https:\/\/agora.xtec.cat\/ceip-agsantandreu\/wp-content\/uploads\/usu37\/2025\/04\/WhatsApp-Image-2025-04-11-at-07.06.27-2-1024x1024.jpeg 1024w, https:\/\/agora.xtec.cat\/ceip-agsantandreu\/wp-content\/uploads\/usu37\/2025\/04\/WhatsApp-Image-2025-04-11-at-07.06.27-2-150x150.jpeg 150w, https:\/\/agora.xtec.cat\/ceip-agsantandreu\/wp-content\/uploads\/usu37\/2025\/04\/WhatsApp-Image-2025-04-11-at-07.06.27-2-768x768.jpeg 768w, https:\/\/agora.xtec.cat\/ceip-agsantandreu\/wp-content\/uploads\/usu37\/2025\/04\/WhatsApp-Image-2025-04-11-at-07.06.27-2-1536x1536.jpeg 1536w, https:\/\/agora.xtec.cat\/ceip-agsantandreu\/wp-content\/uploads\/usu37\/2025\/04\/WhatsApp-Image-2025-04-11-at-07.06.27-2.jpeg 2048w\" sizes=\"auto, (max-width: 300px) 100vw, 300px\" \/><\/a><\/p>\n","protected":false},"excerpt":{"rendered":"<p>A l&#8217;escola treballem la sostenibilitat del nostre planeta, aix\u00ed que fa uns dies que els alumnes de primer vam plantar llavors d&#8217;enciams, fent servir de test, els rotllos de paper higi\u00e8nic, reciclant i reutilitzant per donar-li un altre \u00fas. A m\u00e9s, els tubs del rotllo&hellip;  <a href=\"https:\/\/agora.xtec.cat\/ceip-agsantandreu\/general\/primer-plantem-llavors-denciam\/\" title=\"Read Primer plantem llavors d&#8217;enciam.\">Llegeix m\u00e9s\u00bb<\/a><\/p>\n","protected":false},"author":3,"featured_media":0,"comment_status":"closed","ping_status":"closed","sticky":false,"template":"","format":"standard","meta":{"_bbp_topic_count":0,"_bbp_reply_count":0,"_bbp_total_topic_count":0,"_bbp_total_reply_count":0,"_bbp_voice_count":0,"_bbp_anonymous_reply_count":0,"_bbp_topic_count_hidden":0,"_bbp_reply_count_hidden":0,"_bbp_forum_subforum_count":0,"footnotes":""},"categories":[5,1,4],"tags":[],"class_list":["post-8869","post","type-post","status-publish","format-standard","hentry","category-mitjans","category-general","category-portada"],"post_mailing_queue_ids":[],"_links":{"self":[{"href":"https:\/\/agora.xtec.cat\/ceip-agsantandreu\/wp-json\/wp\/v2\/posts\/8869","targetHints":{"allow":["GET"]}}],"collection":[{"href":"https:\/\/agora.xtec.cat\/ceip-agsantandreu\/wp-json\/wp\/v2\/posts"}],"about":[{"href":"https:\/\/agora.xtec.cat\/ceip-agsantandreu\/wp-json\/wp\/v2\/types\/post"}],"author":[{"embeddable":true,"href":"https:\/\/agora.xtec.cat\/ceip-agsantandreu\/wp-json\/wp\/v2\/users\/3"}],"replies":[{"embeddable":true,"href":"https:\/\/agora.xtec.cat\/ceip-agsantandreu\/wp-json\/wp\/v2\/comments?post=8869"}],"version-history":[{"count":1,"href":"https:\/\/agora.xtec.cat\/ceip-agsantandreu\/wp-json\/wp\/v2\/posts\/8869\/revisions"}],"predecessor-version":[{"id":8870,"href":"https:\/\/agora.xtec.cat\/ceip-agsantandreu\/wp-json\/wp\/v2\/posts\/8869\/revisions\/8870"}],"wp:attachment":[{"href":"https:\/\/agora.xtec.cat\/ceip-agsantandreu\/wp-json\/wp\/v2\/media?parent=8869"}],"wp:term":[{"taxonomy":"category","embeddable":true,"href":"https:\/\/agora.xtec.cat\/ceip-agsantandreu\/wp-json\/wp\/v2\/categories?post=8869"},{"taxonomy":"post_tag","embeddable":true,"href":"https:\/\/agora.xtec.cat\/ceip-agsantandreu\/wp-json\/wp\/v2\/tags?post=8869"}],"curies":[{"name":"wp","href":"https:\/\/api.w.org\/{rel}","templated":true}]}}