{"id":8853,"date":"2025-04-11T17:30:29","date_gmt":"2025-04-11T15:30:29","guid":{"rendered":"https:\/\/agora.xtec.cat\/ceip-agsantandreu\/?p=8853"},"modified":"2025-04-24T08:40:02","modified_gmt":"2025-04-24T06:40:02","slug":"i5-tastet-de-fotografies-2n-trimestre","status":"publish","type":"post","link":"https:\/\/agora.xtec.cat\/ceip-agsantandreu\/general\/i5-tastet-de-fotografies-2n-trimestre\/","title":{"rendered":"I5 &#8211; Tastet de fotografies 2n trimestre"},"content":{"rendered":"<p>Fam\u00edlies, ara que s&#8217;acaba el trimestre, volem compartir amb vosaltres algunes fotografies que hem fet al llarg d&#8217;aquests mesos. Aqu\u00ed teniu un petit tastet del que fem a l&#8217;escola, com racons de llengua i matem\u00e0tiques, ambient de llum i foscor, psicomotricitat, grafisme, experimentaci\u00f3, expressi\u00f3 pl\u00e0stica, entre d&#8217;altres.<\/p>\n<p>Cliqueu als seg\u00fcents enlla\u00e7os per veure-les.<\/p>\n<p><a href=\"https:\/\/agora.xtec.cat\/ceip-agsantandreu\/wp-content\/uploads\/usu37\/2025\/04\/PHOTO-2025-04-08-22-02-25.jpg\"><img loading=\"lazy\" decoding=\"async\" class=\"aligncenter size-large wp-image-8884\" src=\"https:\/\/agora.xtec.cat\/ceip-agsantandreu\/wp-content\/uploads\/usu37\/2025\/04\/PHOTO-2025-04-08-22-02-25-1024x768.jpg\" alt=\"\" width=\"1024\" height=\"768\" srcset=\"https:\/\/agora.xtec.cat\/ceip-agsantandreu\/wp-content\/uploads\/usu37\/2025\/04\/PHOTO-2025-04-08-22-02-25-1024x768.jpg 1024w, https:\/\/agora.xtec.cat\/ceip-agsantandreu\/wp-content\/uploads\/usu37\/2025\/04\/PHOTO-2025-04-08-22-02-25-300x225.jpg 300w, https:\/\/agora.xtec.cat\/ceip-agsantandreu\/wp-content\/uploads\/usu37\/2025\/04\/PHOTO-2025-04-08-22-02-25-768x576.jpg 768w, https:\/\/agora.xtec.cat\/ceip-agsantandreu\/wp-content\/uploads\/usu37\/2025\/04\/PHOTO-2025-04-08-22-02-25-1536x1152.jpg 1536w, https:\/\/agora.xtec.cat\/ceip-agsantandreu\/wp-content\/uploads\/usu37\/2025\/04\/PHOTO-2025-04-08-22-02-25-200x150.jpg 200w, https:\/\/agora.xtec.cat\/ceip-agsantandreu\/wp-content\/uploads\/usu37\/2025\/04\/PHOTO-2025-04-08-22-02-25.jpg 2048w\" sizes=\"auto, (max-width: 1024px) 100vw, 1024px\" \/><\/a><\/p>\n<p><a href=\"https:\/\/photos.app.goo.gl\/HzqUPWVzA5zRhFWR7\" target=\"_blank\" rel=\"noopener\">FOTOGRAFIES I5A<\/a><\/p>\n<p><a href=\"https:\/\/photos.app.goo.gl\/fUxWFQMe55XvrCK88\" target=\"_blank\" rel=\"noopener\">FOTOGRAFIES I5B<\/a><\/p>\n","protected":false},"excerpt":{"rendered":"<p>Fam\u00edlies, ara que s&#8217;acaba el trimestre, volem compartir amb vosaltres algunes fotografies que hem fet al llarg d&#8217;aquests mesos. Aqu\u00ed teniu un petit tastet del que fem a l&#8217;escola, com racons de llengua i matem\u00e0tiques, ambient de llum i foscor, psicomotricitat, grafisme, experimentaci\u00f3, expressi\u00f3 pl\u00e0stica,&hellip;  <a href=\"https:\/\/agora.xtec.cat\/ceip-agsantandreu\/general\/i5-tastet-de-fotografies-2n-trimestre\/\" title=\"Read I5 &#8211; Tastet de fotografies 2n trimestre\">Llegeix m\u00e9s\u00bb<\/a><\/p>\n","protected":false},"author":3,"featured_media":0,"comment_status":"open","ping_status":"closed","sticky":false,"template":"","format":"standard","meta":{"_bbp_topic_count":0,"_bbp_reply_count":0,"_bbp_total_topic_count":0,"_bbp_total_reply_count":0,"_bbp_voice_count":0,"_bbp_anonymous_reply_count":0,"_bbp_topic_count_hidden":0,"_bbp_reply_count_hidden":0,"_bbp_forum_subforum_count":0,"footnotes":""},"categories":[2,1,4],"tags":[],"class_list":["post-8853","post","type-post","status-publish","format-standard","hentry","category-petits","category-general","category-portada"],"post_mailing_queue_ids":[],"_links":{"self":[{"href":"https:\/\/agora.xtec.cat\/ceip-agsantandreu\/wp-json\/wp\/v2\/posts\/8853","targetHints":{"allow":["GET"]}}],"collection":[{"href":"https:\/\/agora.xtec.cat\/ceip-agsantandreu\/wp-json\/wp\/v2\/posts"}],"about":[{"href":"https:\/\/agora.xtec.cat\/ceip-agsantandreu\/wp-json\/wp\/v2\/types\/post"}],"author":[{"embeddable":true,"href":"https:\/\/agora.xtec.cat\/ceip-agsantandreu\/wp-json\/wp\/v2\/users\/3"}],"replies":[{"embeddable":true,"href":"https:\/\/agora.xtec.cat\/ceip-agsantandreu\/wp-json\/wp\/v2\/comments?post=8853"}],"version-history":[{"count":2,"href":"https:\/\/agora.xtec.cat\/ceip-agsantandreu\/wp-json\/wp\/v2\/posts\/8853\/revisions"}],"predecessor-version":[{"id":8885,"href":"https:\/\/agora.xtec.cat\/ceip-agsantandreu\/wp-json\/wp\/v2\/posts\/8853\/revisions\/8885"}],"wp:attachment":[{"href":"https:\/\/agora.xtec.cat\/ceip-agsantandreu\/wp-json\/wp\/v2\/media?parent=8853"}],"wp:term":[{"taxonomy":"category","embeddable":true,"href":"https:\/\/agora.xtec.cat\/ceip-agsantandreu\/wp-json\/wp\/v2\/categories?post=8853"},{"taxonomy":"post_tag","embeddable":true,"href":"https:\/\/agora.xtec.cat\/ceip-agsantandreu\/wp-json\/wp\/v2\/tags?post=8853"}],"curies":[{"name":"wp","href":"https:\/\/api.w.org\/{rel}","templated":true}]}}