{"id":8850,"date":"2025-04-09T13:56:09","date_gmt":"2025-04-09T11:56:09","guid":{"rendered":"https:\/\/agora.xtec.cat\/ceip-agsantandreu\/?p=8850"},"modified":"2025-04-24T08:40:56","modified_gmt":"2025-04-24T06:40:56","slug":"i3-la-primavera","status":"publish","type":"post","link":"https:\/\/agora.xtec.cat\/ceip-agsantandreu\/general\/i3-la-primavera\/","title":{"rendered":"I3. La primavera"},"content":{"rendered":"<p data-pm-slice=\"1 1 []\">Amb l&#8217;arribada de la primavera hem omplert els nostres espais de colors a trav\u00e9s de l&#8217;expressi\u00f3 art\u00edstica. Les nenes i els nens d&#8217;I3 hem gaudit barrejant colors, experimentant amb diferents estris i tipus de pintura i, sobretot, expressant les nostres emocions en petites i grans obres d&#8217;art mentre escoltem l&#8217;audici\u00f3 &#8220;primavera&#8221; d&#8217;A. Vivaldi.<\/p>\n<p data-pm-slice=\"1 1 []\"><a href=\"https:\/\/photos.app.goo.gl\/UYwVGKvjXnYXN2sQ9\">Aqu\u00ed<\/a> podeu veure algunes fotografies!<\/p>\n<p data-pm-slice=\"1 1 []\"><img loading=\"lazy\" decoding=\"async\" class=\"aligncenter wp-image-8851\" src=\"https:\/\/agora.xtec.cat\/ceip-agsantandreu\/wp-content\/uploads\/usu37\/2025\/04\/WhatsApp-Image-2025-04-03-at-12.10.00-1-1024x768.jpeg\" alt=\"\" width=\"771\" height=\"578\" srcset=\"https:\/\/agora.xtec.cat\/ceip-agsantandreu\/wp-content\/uploads\/usu37\/2025\/04\/WhatsApp-Image-2025-04-03-at-12.10.00-1-1024x768.jpeg 1024w, https:\/\/agora.xtec.cat\/ceip-agsantandreu\/wp-content\/uploads\/usu37\/2025\/04\/WhatsApp-Image-2025-04-03-at-12.10.00-1-300x225.jpeg 300w, https:\/\/agora.xtec.cat\/ceip-agsantandreu\/wp-content\/uploads\/usu37\/2025\/04\/WhatsApp-Image-2025-04-03-at-12.10.00-1-768x576.jpeg 768w, https:\/\/agora.xtec.cat\/ceip-agsantandreu\/wp-content\/uploads\/usu37\/2025\/04\/WhatsApp-Image-2025-04-03-at-12.10.00-1-1536x1152.jpeg 1536w, https:\/\/agora.xtec.cat\/ceip-agsantandreu\/wp-content\/uploads\/usu37\/2025\/04\/WhatsApp-Image-2025-04-03-at-12.10.00-1-200x150.jpeg 200w, https:\/\/agora.xtec.cat\/ceip-agsantandreu\/wp-content\/uploads\/usu37\/2025\/04\/WhatsApp-Image-2025-04-03-at-12.10.00-1.jpeg 1600w\" sizes=\"auto, (max-width: 771px) 100vw, 771px\" \/><\/p>\n","protected":false},"excerpt":{"rendered":"<p>Amb l&#8217;arribada de la primavera hem omplert els nostres espais de colors a trav\u00e9s de l&#8217;expressi\u00f3 art\u00edstica. Les nenes i els nens d&#8217;I3 hem gaudit barrejant colors, experimentant amb diferents estris i tipus de pintura i, sobretot, expressant les nostres emocions en petites i grans&hellip;  <a href=\"https:\/\/agora.xtec.cat\/ceip-agsantandreu\/general\/i3-la-primavera\/\" title=\"Read I3. La primavera\">Llegeix m\u00e9s\u00bb<\/a><\/p>\n","protected":false},"author":3,"featured_media":0,"comment_status":"closed","ping_status":"closed","sticky":false,"template":"","format":"standard","meta":{"_bbp_topic_count":0,"_bbp_reply_count":0,"_bbp_total_topic_count":0,"_bbp_total_reply_count":0,"_bbp_voice_count":0,"_bbp_anonymous_reply_count":0,"_bbp_topic_count_hidden":0,"_bbp_reply_count_hidden":0,"_bbp_forum_subforum_count":0,"footnotes":""},"categories":[2,1],"tags":[],"class_list":["post-8850","post","type-post","status-publish","format-standard","hentry","category-petits","category-general"],"post_mailing_queue_ids":[],"_links":{"self":[{"href":"https:\/\/agora.xtec.cat\/ceip-agsantandreu\/wp-json\/wp\/v2\/posts\/8850","targetHints":{"allow":["GET"]}}],"collection":[{"href":"https:\/\/agora.xtec.cat\/ceip-agsantandreu\/wp-json\/wp\/v2\/posts"}],"about":[{"href":"https:\/\/agora.xtec.cat\/ceip-agsantandreu\/wp-json\/wp\/v2\/types\/post"}],"author":[{"embeddable":true,"href":"https:\/\/agora.xtec.cat\/ceip-agsantandreu\/wp-json\/wp\/v2\/users\/3"}],"replies":[{"embeddable":true,"href":"https:\/\/agora.xtec.cat\/ceip-agsantandreu\/wp-json\/wp\/v2\/comments?post=8850"}],"version-history":[{"count":2,"href":"https:\/\/agora.xtec.cat\/ceip-agsantandreu\/wp-json\/wp\/v2\/posts\/8850\/revisions"}],"predecessor-version":[{"id":8854,"href":"https:\/\/agora.xtec.cat\/ceip-agsantandreu\/wp-json\/wp\/v2\/posts\/8850\/revisions\/8854"}],"wp:attachment":[{"href":"https:\/\/agora.xtec.cat\/ceip-agsantandreu\/wp-json\/wp\/v2\/media?parent=8850"}],"wp:term":[{"taxonomy":"category","embeddable":true,"href":"https:\/\/agora.xtec.cat\/ceip-agsantandreu\/wp-json\/wp\/v2\/categories?post=8850"},{"taxonomy":"post_tag","embeddable":true,"href":"https:\/\/agora.xtec.cat\/ceip-agsantandreu\/wp-json\/wp\/v2\/tags?post=8850"}],"curies":[{"name":"wp","href":"https:\/\/api.w.org\/{rel}","templated":true}]}}