{"id":8841,"date":"2025-04-11T08:30:00","date_gmt":"2025-04-11T06:30:00","guid":{"rendered":"https:\/\/agora.xtec.cat\/ceip-agsantandreu\/?p=8841"},"modified":"2025-04-10T21:33:23","modified_gmt":"2025-04-10T19:33:23","slug":"sol-lewitt-a-i4","status":"publish","type":"post","link":"https:\/\/agora.xtec.cat\/ceip-agsantandreu\/general\/sol-lewitt-a-i4\/","title":{"rendered":"Sol Lewitt a I4"},"content":{"rendered":"<p>Aquest segon trimestre hem dut a terme una situaci\u00f3 d&#8217;aprenentatge del Sol Lewitt! Un gran artista americ\u00e0. Hem apr\u00e8s i hem gaudit molt\u00edssim amb la seva obra.<\/p>\n<p>Tot va comen\u00e7ar quan vam trobar a la classe una capsa, sense saber-ho feta per ell! La vam anar observant i traient objectes significatius d&#8217;ell, que ens va portar a anar endinsant-nos fent les activitats per aconseguir montar un trencaclosques i aconseguir finalment una medalla per a cada infant!<\/p>\n<p>Aqu\u00ed teniu un recull de fotografies.<\/p>\n<p><a href=\"https:\/\/photos.app.goo.gl\/uLFjuNPpAj2eHLye6\" target=\"_blank\" rel=\"noopener\">FOTOGRAFIES SOL LEWITT<\/a><\/p>\n<p><a href=\"https:\/\/photos.app.goo.gl\/uLFjuNPpAj2eHLye6\" target=\"_blank\" rel=\"noopener\"><img loading=\"lazy\" decoding=\"async\" class=\"alignleft wp-image-8842\" src=\"https:\/\/agora.xtec.cat\/ceip-agsantandreu\/wp-content\/uploads\/usu37\/2025\/04\/PHOTO-2025-04-03-20-40-29-2-1024x768.jpg\" alt=\"\" width=\"604\" height=\"453\" srcset=\"https:\/\/agora.xtec.cat\/ceip-agsantandreu\/wp-content\/uploads\/usu37\/2025\/04\/PHOTO-2025-04-03-20-40-29-2-1024x768.jpg 1024w, https:\/\/agora.xtec.cat\/ceip-agsantandreu\/wp-content\/uploads\/usu37\/2025\/04\/PHOTO-2025-04-03-20-40-29-2-300x225.jpg 300w, https:\/\/agora.xtec.cat\/ceip-agsantandreu\/wp-content\/uploads\/usu37\/2025\/04\/PHOTO-2025-04-03-20-40-29-2-768x576.jpg 768w, https:\/\/agora.xtec.cat\/ceip-agsantandreu\/wp-content\/uploads\/usu37\/2025\/04\/PHOTO-2025-04-03-20-40-29-2-1536x1152.jpg 1536w, https:\/\/agora.xtec.cat\/ceip-agsantandreu\/wp-content\/uploads\/usu37\/2025\/04\/PHOTO-2025-04-03-20-40-29-2-200x150.jpg 200w, https:\/\/agora.xtec.cat\/ceip-agsantandreu\/wp-content\/uploads\/usu37\/2025\/04\/PHOTO-2025-04-03-20-40-29-2.jpg 2000w\" sizes=\"auto, (max-width: 604px) 100vw, 604px\" \/><\/a><\/p>\n","protected":false},"excerpt":{"rendered":"<p>Aquest segon trimestre hem dut a terme una situaci\u00f3 d&#8217;aprenentatge del Sol Lewitt! Un gran artista americ\u00e0. Hem apr\u00e8s i hem gaudit molt\u00edssim amb la seva obra.<br \/>\nTot va comen\u00e7ar quan vam trobar a la classe una capsa, sense saber-ho feta per ell! La vam anar&hellip;  <a href=\"https:\/\/agora.xtec.cat\/ceip-agsantandreu\/general\/sol-lewitt-a-i4\/\" title=\"Read Sol Lewitt a I4\">Llegeix m\u00e9s\u00bb<\/a><\/p>\n","protected":false},"author":3,"featured_media":0,"comment_status":"open","ping_status":"closed","sticky":false,"template":"","format":"standard","meta":{"_bbp_topic_count":0,"_bbp_reply_count":0,"_bbp_total_topic_count":0,"_bbp_total_reply_count":0,"_bbp_voice_count":0,"_bbp_anonymous_reply_count":0,"_bbp_topic_count_hidden":0,"_bbp_reply_count_hidden":0,"_bbp_forum_subforum_count":0,"footnotes":""},"categories":[2,1,4],"tags":[],"class_list":["post-8841","post","type-post","status-publish","format-standard","hentry","category-petits","category-general","category-portada"],"post_mailing_queue_ids":[],"_links":{"self":[{"href":"https:\/\/agora.xtec.cat\/ceip-agsantandreu\/wp-json\/wp\/v2\/posts\/8841","targetHints":{"allow":["GET"]}}],"collection":[{"href":"https:\/\/agora.xtec.cat\/ceip-agsantandreu\/wp-json\/wp\/v2\/posts"}],"about":[{"href":"https:\/\/agora.xtec.cat\/ceip-agsantandreu\/wp-json\/wp\/v2\/types\/post"}],"author":[{"embeddable":true,"href":"https:\/\/agora.xtec.cat\/ceip-agsantandreu\/wp-json\/wp\/v2\/users\/3"}],"replies":[{"embeddable":true,"href":"https:\/\/agora.xtec.cat\/ceip-agsantandreu\/wp-json\/wp\/v2\/comments?post=8841"}],"version-history":[{"count":2,"href":"https:\/\/agora.xtec.cat\/ceip-agsantandreu\/wp-json\/wp\/v2\/posts\/8841\/revisions"}],"predecessor-version":[{"id":8865,"href":"https:\/\/agora.xtec.cat\/ceip-agsantandreu\/wp-json\/wp\/v2\/posts\/8841\/revisions\/8865"}],"wp:attachment":[{"href":"https:\/\/agora.xtec.cat\/ceip-agsantandreu\/wp-json\/wp\/v2\/media?parent=8841"}],"wp:term":[{"taxonomy":"category","embeddable":true,"href":"https:\/\/agora.xtec.cat\/ceip-agsantandreu\/wp-json\/wp\/v2\/categories?post=8841"},{"taxonomy":"post_tag","embeddable":true,"href":"https:\/\/agora.xtec.cat\/ceip-agsantandreu\/wp-json\/wp\/v2\/tags?post=8841"}],"curies":[{"name":"wp","href":"https:\/\/api.w.org\/{rel}","templated":true}]}}