{"id":8838,"date":"2025-04-09T08:30:02","date_gmt":"2025-04-09T06:30:02","guid":{"rendered":"https:\/\/agora.xtec.cat\/ceip-agsantandreu\/?p=8838"},"modified":"2025-04-08T22:37:31","modified_gmt":"2025-04-08T20:37:31","slug":"sortida-deducacio-infantil-al-mnactec","status":"publish","type":"post","link":"https:\/\/agora.xtec.cat\/ceip-agsantandreu\/general\/sortida-deducacio-infantil-al-mnactec\/","title":{"rendered":"Sortida d&#8217;Educaci\u00f3 Infantil al MNACTEC"},"content":{"rendered":"<p>Ahir, dimarts 8 d&#8217;abril, els infants d&#8217;EI vam anar a Terrassa a visitar el Museu Nacional de la Ci\u00e8ncia i la T\u00e8cnica de Catalunya. Ens ho vam passar d&#8217;all\u00f2 m\u00e9s b\u00e9 experimentant amb tot tipus d&#8217;objectes i materials.<\/p>\n<p>Aqu\u00ed teniu un recull de fotografies.<\/p>\n<p><a href=\"https:\/\/photos.app.goo.gl\/xYNGvpBj85tYgkvz8\" target=\"_blank\" rel=\"noopener\">FOTOGRAFIES I3<\/a><\/p>\n<p><a href=\"https:\/\/photos.app.goo.gl\/9RepiKBntdF1TdK17\" target=\"_blank\" rel=\"noopener\">FOTOGRAFIES I4<\/a><\/p>\n<p><a href=\"https:\/\/photos.app.goo.gl\/Xsy461CHwSttbsoS8\" target=\"_blank\" rel=\"noopener\">FOTOGRAFIES I5<\/a><\/p>\n<p><img loading=\"lazy\" decoding=\"async\" class=\"wp-image-8839 alignleft\" src=\"https:\/\/agora.xtec.cat\/ceip-agsantandreu\/wp-content\/uploads\/usu37\/2025\/04\/PHOTO-2025-04-08-20-03-29-3-1024x768.jpg\" alt=\"\" width=\"532\" height=\"399\" srcset=\"https:\/\/agora.xtec.cat\/ceip-agsantandreu\/wp-content\/uploads\/usu37\/2025\/04\/PHOTO-2025-04-08-20-03-29-3-1024x768.jpg 1024w, https:\/\/agora.xtec.cat\/ceip-agsantandreu\/wp-content\/uploads\/usu37\/2025\/04\/PHOTO-2025-04-08-20-03-29-3-300x225.jpg 300w, https:\/\/agora.xtec.cat\/ceip-agsantandreu\/wp-content\/uploads\/usu37\/2025\/04\/PHOTO-2025-04-08-20-03-29-3-768x576.jpg 768w, https:\/\/agora.xtec.cat\/ceip-agsantandreu\/wp-content\/uploads\/usu37\/2025\/04\/PHOTO-2025-04-08-20-03-29-3-1536x1152.jpg 1536w, https:\/\/agora.xtec.cat\/ceip-agsantandreu\/wp-content\/uploads\/usu37\/2025\/04\/PHOTO-2025-04-08-20-03-29-3-200x150.jpg 200w, https:\/\/agora.xtec.cat\/ceip-agsantandreu\/wp-content\/uploads\/usu37\/2025\/04\/PHOTO-2025-04-08-20-03-29-3.jpg 2000w\" sizes=\"auto, (max-width: 532px) 100vw, 532px\" \/><\/p>\n","protected":false},"excerpt":{"rendered":"<p>Ahir, dimarts 8 d&#8217;abril, els infants d&#8217;EI vam anar a Terrassa a visitar el Museu Nacional de la Ci\u00e8ncia i la T\u00e8cnica de Catalunya. Ens ho vam passar d&#8217;all\u00f2 m\u00e9s b\u00e9 experimentant amb tot tipus d&#8217;objectes i materials.<br \/>\nAqu\u00ed teniu un recull de fotografies.<br \/>\n<a href=\"https:\/\/photos.app.goo.gl\/xYNGvpBj85tYgkvz8\" target=\"_blank\"&hellip;  <a href=\"https:\/\/agora.xtec.cat\/ceip-agsantandreu\/general\/sortida-deducacio-infantil-al-mnactec\/\" title=\"Read Sortida d&#8217;Educaci\u00f3 Infantil al MNACTEC\">Llegeix m\u00e9s\u00bb<\/a><\/p>\n","protected":false},"author":3,"featured_media":0,"comment_status":"open","ping_status":"closed","sticky":false,"template":"","format":"standard","meta":{"_bbp_topic_count":0,"_bbp_reply_count":0,"_bbp_total_topic_count":0,"_bbp_total_reply_count":0,"_bbp_voice_count":0,"_bbp_anonymous_reply_count":0,"_bbp_topic_count_hidden":0,"_bbp_reply_count_hidden":0,"_bbp_forum_subforum_count":0,"footnotes":""},"categories":[2,1,4],"tags":[],"class_list":["post-8838","post","type-post","status-publish","format-standard","hentry","category-petits","category-general","category-portada"],"post_mailing_queue_ids":[],"_links":{"self":[{"href":"https:\/\/agora.xtec.cat\/ceip-agsantandreu\/wp-json\/wp\/v2\/posts\/8838","targetHints":{"allow":["GET"]}}],"collection":[{"href":"https:\/\/agora.xtec.cat\/ceip-agsantandreu\/wp-json\/wp\/v2\/posts"}],"about":[{"href":"https:\/\/agora.xtec.cat\/ceip-agsantandreu\/wp-json\/wp\/v2\/types\/post"}],"author":[{"embeddable":true,"href":"https:\/\/agora.xtec.cat\/ceip-agsantandreu\/wp-json\/wp\/v2\/users\/3"}],"replies":[{"embeddable":true,"href":"https:\/\/agora.xtec.cat\/ceip-agsantandreu\/wp-json\/wp\/v2\/comments?post=8838"}],"version-history":[{"count":1,"href":"https:\/\/agora.xtec.cat\/ceip-agsantandreu\/wp-json\/wp\/v2\/posts\/8838\/revisions"}],"predecessor-version":[{"id":8840,"href":"https:\/\/agora.xtec.cat\/ceip-agsantandreu\/wp-json\/wp\/v2\/posts\/8838\/revisions\/8840"}],"wp:attachment":[{"href":"https:\/\/agora.xtec.cat\/ceip-agsantandreu\/wp-json\/wp\/v2\/media?parent=8838"}],"wp:term":[{"taxonomy":"category","embeddable":true,"href":"https:\/\/agora.xtec.cat\/ceip-agsantandreu\/wp-json\/wp\/v2\/categories?post=8838"},{"taxonomy":"post_tag","embeddable":true,"href":"https:\/\/agora.xtec.cat\/ceip-agsantandreu\/wp-json\/wp\/v2\/tags?post=8838"}],"curies":[{"name":"wp","href":"https:\/\/api.w.org\/{rel}","templated":true}]}}