{"id":8824,"date":"2025-03-31T15:24:52","date_gmt":"2025-03-31T13:24:52","guid":{"rendered":"https:\/\/agora.xtec.cat\/ceip-agsantandreu\/?p=8824"},"modified":"2025-03-31T15:24:52","modified_gmt":"2025-03-31T13:24:52","slug":"sortida-de-2n-al-cim-daligues-2","status":"publish","type":"post","link":"https:\/\/agora.xtec.cat\/ceip-agsantandreu\/general\/sortida-de-2n-al-cim-daligues-2\/","title":{"rendered":"Sortida de 2n al Cim d&#8217;\u00c0ligues"},"content":{"rendered":"<p>La setmana passada els nens i les nens de 2n vam anar d&#8217;excursi\u00f3 al Cim d&#8217;\u00c0ligues. Primer vam fer una passejada pel bosc buscant el rastre d&#8217;animals que hi viuen, despr\u00e8s vam anar a la part dels aviaris on ens van explicar les caracter\u00edstiques i peculiaritats de les aus rapinyaires que tenen, i per finalitzar la visita, vam poder gaudir d&#8217;una sessi\u00f3 de vol espectacular de totes les aus que hav\u00edem vist anteriorment. Va ser molt emocionant veure com volaven per sobre nostre i gaireb\u00e9 ens despentinaven!!\u00a0<a href=\"https:\/\/photos.app.goo.gl\/4i9DQfFeEjDdSu4j9\" target=\"_blank\" rel=\"noopener\">FOTOGRAFIES<\/a><\/p>\n<p style=\"text-align: center\"><img loading=\"lazy\" decoding=\"async\" class=\"aligncenter  wp-image-8825\" src=\"https:\/\/agora.xtec.cat\/ceip-agsantandreu\/wp-content\/uploads\/usu37\/2025\/03\/IMG-20250327-WA0032-768x1024.jpg\" alt=\"\" width=\"199\" height=\"265\" srcset=\"https:\/\/agora.xtec.cat\/ceip-agsantandreu\/wp-content\/uploads\/usu37\/2025\/03\/IMG-20250327-WA0032-768x1024.jpg 768w, https:\/\/agora.xtec.cat\/ceip-agsantandreu\/wp-content\/uploads\/usu37\/2025\/03\/IMG-20250327-WA0032-225x300.jpg 225w, https:\/\/agora.xtec.cat\/ceip-agsantandreu\/wp-content\/uploads\/usu37\/2025\/03\/IMG-20250327-WA0032-1152x1536.jpg 1152w, https:\/\/agora.xtec.cat\/ceip-agsantandreu\/wp-content\/uploads\/usu37\/2025\/03\/IMG-20250327-WA0032.jpg 1200w\" sizes=\"auto, (max-width: 199px) 100vw, 199px\" \/><\/p>\n","protected":false},"excerpt":{"rendered":"<p>La setmana passada els nens i les nens de 2n vam anar d&#8217;excursi\u00f3 al Cim d&#8217;\u00c0ligues. Primer vam fer una passejada pel bosc buscant el rastre d&#8217;animals que hi viuen, despr\u00e8s vam anar a la part dels aviaris on ens van explicar les caracter\u00edstiques i&hellip;  <a href=\"https:\/\/agora.xtec.cat\/ceip-agsantandreu\/general\/sortida-de-2n-al-cim-daligues-2\/\" title=\"Read Sortida de 2n al Cim d&#8217;\u00c0ligues\">Llegeix m\u00e9s\u00bb<\/a><\/p>\n","protected":false},"author":3,"featured_media":0,"comment_status":"closed","ping_status":"closed","sticky":false,"template":"","format":"standard","meta":{"_bbp_topic_count":0,"_bbp_reply_count":0,"_bbp_total_topic_count":0,"_bbp_total_reply_count":0,"_bbp_voice_count":0,"_bbp_anonymous_reply_count":0,"_bbp_topic_count_hidden":0,"_bbp_reply_count_hidden":0,"_bbp_forum_subforum_count":0,"footnotes":""},"categories":[5,1,4],"tags":[],"class_list":["post-8824","post","type-post","status-publish","format-standard","hentry","category-mitjans","category-general","category-portada"],"post_mailing_queue_ids":[],"_links":{"self":[{"href":"https:\/\/agora.xtec.cat\/ceip-agsantandreu\/wp-json\/wp\/v2\/posts\/8824","targetHints":{"allow":["GET"]}}],"collection":[{"href":"https:\/\/agora.xtec.cat\/ceip-agsantandreu\/wp-json\/wp\/v2\/posts"}],"about":[{"href":"https:\/\/agora.xtec.cat\/ceip-agsantandreu\/wp-json\/wp\/v2\/types\/post"}],"author":[{"embeddable":true,"href":"https:\/\/agora.xtec.cat\/ceip-agsantandreu\/wp-json\/wp\/v2\/users\/3"}],"replies":[{"embeddable":true,"href":"https:\/\/agora.xtec.cat\/ceip-agsantandreu\/wp-json\/wp\/v2\/comments?post=8824"}],"version-history":[{"count":1,"href":"https:\/\/agora.xtec.cat\/ceip-agsantandreu\/wp-json\/wp\/v2\/posts\/8824\/revisions"}],"predecessor-version":[{"id":8826,"href":"https:\/\/agora.xtec.cat\/ceip-agsantandreu\/wp-json\/wp\/v2\/posts\/8824\/revisions\/8826"}],"wp:attachment":[{"href":"https:\/\/agora.xtec.cat\/ceip-agsantandreu\/wp-json\/wp\/v2\/media?parent=8824"}],"wp:term":[{"taxonomy":"category","embeddable":true,"href":"https:\/\/agora.xtec.cat\/ceip-agsantandreu\/wp-json\/wp\/v2\/categories?post=8824"},{"taxonomy":"post_tag","embeddable":true,"href":"https:\/\/agora.xtec.cat\/ceip-agsantandreu\/wp-json\/wp\/v2\/tags?post=8824"}],"curies":[{"name":"wp","href":"https:\/\/api.w.org\/{rel}","templated":true}]}}