{"id":8821,"date":"2025-03-31T14:59:18","date_gmt":"2025-03-31T12:59:18","guid":{"rendered":"https:\/\/agora.xtec.cat\/ceip-agsantandreu\/?p=8821"},"modified":"2025-03-31T14:59:18","modified_gmt":"2025-03-31T12:59:18","slug":"els-alumnes-de-1r-amb-la-natura","status":"publish","type":"post","link":"https:\/\/agora.xtec.cat\/ceip-agsantandreu\/general\/els-alumnes-de-1r-amb-la-natura\/","title":{"rendered":"Els alumnes de 1r amb la natura"},"content":{"rendered":"<p>Els alumnes de 1r hem anat al centre d\u2019apropament a la natura a Nav\u00e0s. Hem vist animals salvatges, de granja\u2026 hem gaudit d\u2019un vol d\u2019aus rapinyaires i el toca toca d\u2019animals ex\u00f2tics. Ens ho hem passat d\u2019all\u00f2 m\u00e9s b\u00e9!<a href=\"https:\/\/photos.app.goo.gl\/i3SY1dFYM1AG9RvA8\" target=\"_blank\" rel=\"noopener\"><img loading=\"lazy\" decoding=\"async\" class=\"aligncenter wp-image-8822 size-large\" src=\"https:\/\/agora.xtec.cat\/ceip-agsantandreu\/wp-content\/uploads\/usu37\/2025\/03\/WhatsApp-Image-2025-03-31-at-13.57.43-1024x768.jpeg\" alt=\"\" width=\"1024\" height=\"768\" srcset=\"https:\/\/agora.xtec.cat\/ceip-agsantandreu\/wp-content\/uploads\/usu37\/2025\/03\/WhatsApp-Image-2025-03-31-at-13.57.43-1024x768.jpeg 1024w, https:\/\/agora.xtec.cat\/ceip-agsantandreu\/wp-content\/uploads\/usu37\/2025\/03\/WhatsApp-Image-2025-03-31-at-13.57.43-300x225.jpeg 300w, https:\/\/agora.xtec.cat\/ceip-agsantandreu\/wp-content\/uploads\/usu37\/2025\/03\/WhatsApp-Image-2025-03-31-at-13.57.43-768x576.jpeg 768w, https:\/\/agora.xtec.cat\/ceip-agsantandreu\/wp-content\/uploads\/usu37\/2025\/03\/WhatsApp-Image-2025-03-31-at-13.57.43-1536x1152.jpeg 1536w, https:\/\/agora.xtec.cat\/ceip-agsantandreu\/wp-content\/uploads\/usu37\/2025\/03\/WhatsApp-Image-2025-03-31-at-13.57.43-200x150.jpeg 200w, https:\/\/agora.xtec.cat\/ceip-agsantandreu\/wp-content\/uploads\/usu37\/2025\/03\/WhatsApp-Image-2025-03-31-at-13.57.43.jpeg 1600w\" sizes=\"auto, (max-width: 1024px) 100vw, 1024px\" \/><\/a><a href=\"https:\/\/photos.app.goo.gl\/i3SY1dFYM1AG9RvA8\" target=\"_blank\" rel=\"noopener\">Aqu\u00ed us deixem unes imatges de la sortida.<\/a><\/p>\n","protected":false},"excerpt":{"rendered":"<p>Els alumnes de 1r hem anat al centre d\u2019apropament a la natura a Nav\u00e0s. Hem vist animals salvatges, de granja\u2026 hem gaudit d\u2019un vol d\u2019aus rapinyaires i el toca toca d\u2019animals ex\u00f2tics. Ens ho hem passat d\u2019all\u00f2 m\u00e9s b\u00e9!<a href=\"https:\/\/photos.app.goo.gl\/i3SY1dFYM1AG9RvA8\" target=\"_blank\" rel=\"noopener\"><\/a><a href=\"https:\/\/photos.app.goo.gl\/i3SY1dFYM1AG9RvA8\" target=\"_blank\" rel=\"noopener\">Aqu\u00ed&hellip;  <a href=\"https:\/\/agora.xtec.cat\/ceip-agsantandreu\/general\/els-alumnes-de-1r-amb-la-natura\/\" title=\"Read Els alumnes de 1r amb la natura\">Llegeix m\u00e9s\u00bb<\/a><\/p>\n","protected":false},"author":1,"featured_media":0,"comment_status":"closed","ping_status":"closed","sticky":false,"template":"","format":"standard","meta":{"_bbp_topic_count":0,"_bbp_reply_count":0,"_bbp_total_topic_count":0,"_bbp_total_reply_count":0,"_bbp_voice_count":0,"_bbp_anonymous_reply_count":0,"_bbp_topic_count_hidden":0,"_bbp_reply_count_hidden":0,"_bbp_forum_subforum_count":0,"footnotes":""},"categories":[5,1,4],"tags":[],"class_list":["post-8821","post","type-post","status-publish","format-standard","hentry","category-mitjans","category-general","category-portada"],"post_mailing_queue_ids":[],"_links":{"self":[{"href":"https:\/\/agora.xtec.cat\/ceip-agsantandreu\/wp-json\/wp\/v2\/posts\/8821","targetHints":{"allow":["GET"]}}],"collection":[{"href":"https:\/\/agora.xtec.cat\/ceip-agsantandreu\/wp-json\/wp\/v2\/posts"}],"about":[{"href":"https:\/\/agora.xtec.cat\/ceip-agsantandreu\/wp-json\/wp\/v2\/types\/post"}],"author":[{"embeddable":true,"href":"https:\/\/agora.xtec.cat\/ceip-agsantandreu\/wp-json\/wp\/v2\/users\/1"}],"replies":[{"embeddable":true,"href":"https:\/\/agora.xtec.cat\/ceip-agsantandreu\/wp-json\/wp\/v2\/comments?post=8821"}],"version-history":[{"count":1,"href":"https:\/\/agora.xtec.cat\/ceip-agsantandreu\/wp-json\/wp\/v2\/posts\/8821\/revisions"}],"predecessor-version":[{"id":8823,"href":"https:\/\/agora.xtec.cat\/ceip-agsantandreu\/wp-json\/wp\/v2\/posts\/8821\/revisions\/8823"}],"wp:attachment":[{"href":"https:\/\/agora.xtec.cat\/ceip-agsantandreu\/wp-json\/wp\/v2\/media?parent=8821"}],"wp:term":[{"taxonomy":"category","embeddable":true,"href":"https:\/\/agora.xtec.cat\/ceip-agsantandreu\/wp-json\/wp\/v2\/categories?post=8821"},{"taxonomy":"post_tag","embeddable":true,"href":"https:\/\/agora.xtec.cat\/ceip-agsantandreu\/wp-json\/wp\/v2\/tags?post=8821"}],"curies":[{"name":"wp","href":"https:\/\/api.w.org\/{rel}","templated":true}]}}