{"id":8800,"date":"2025-03-21T18:27:09","date_gmt":"2025-03-21T17:27:09","guid":{"rendered":"https:\/\/agora.xtec.cat\/ceip-agsantandreu\/?p=8800"},"modified":"2025-03-21T18:27:09","modified_gmt":"2025-03-21T17:27:09","slug":"taller-de-titelles-a-i5a","status":"publish","type":"post","link":"https:\/\/agora.xtec.cat\/ceip-agsantandreu\/general\/taller-de-titelles-a-i5a\/","title":{"rendered":"Taller de titelles a I5A"},"content":{"rendered":"<p>Avui a I5A hem fet un taller de titelles amb l&#8217;ajuda de les fam\u00edlies. Cadasc\u00fa ha dissenyat el seu titella i han quedat ben originals. Ens ho hem passat d&#8217;all\u00f2 m\u00e9s b\u00e9. Aqu\u00ed us deixem algunes fotografies:<\/p>\n<p><a href=\"https:\/\/photos.app.goo.gl\/iyNjeqTBgiMr3VSi9\" target=\"_blank\" rel=\"noopener\">FOTOGRAFIES<\/a><\/p>\n<p>Moltes gr\u00e0cies fam\u00edlies!<\/p>\n<p><a href=\"https:\/\/photos.app.goo.gl\/iyNjeqTBgiMr3VSi9\" target=\"_blank\" rel=\"noopener\"><img loading=\"lazy\" decoding=\"async\" class=\"alignleft wp-image-8801\" src=\"https:\/\/agora.xtec.cat\/ceip-agsantandreu\/wp-content\/uploads\/usu37\/2025\/03\/IMG_5421-1024x895.jpg\" alt=\"\" width=\"422\" height=\"369\" srcset=\"https:\/\/agora.xtec.cat\/ceip-agsantandreu\/wp-content\/uploads\/usu37\/2025\/03\/IMG_5421-1024x895.jpg 1024w, https:\/\/agora.xtec.cat\/ceip-agsantandreu\/wp-content\/uploads\/usu37\/2025\/03\/IMG_5421-300x262.jpg 300w, https:\/\/agora.xtec.cat\/ceip-agsantandreu\/wp-content\/uploads\/usu37\/2025\/03\/IMG_5421-768x671.jpg 768w, https:\/\/agora.xtec.cat\/ceip-agsantandreu\/wp-content\/uploads\/usu37\/2025\/03\/IMG_5421-1536x1342.jpg 1536w, https:\/\/agora.xtec.cat\/ceip-agsantandreu\/wp-content\/uploads\/usu37\/2025\/03\/IMG_5421-2048x1789.jpg 2048w\" sizes=\"auto, (max-width: 422px) 100vw, 422px\" \/><\/a><\/p>\n","protected":false},"excerpt":{"rendered":"<p>Avui a I5A hem fet un taller de titelles amb l&#8217;ajuda de les fam\u00edlies. Cadasc\u00fa ha dissenyat el seu titella i han quedat ben originals. Ens ho hem passat d&#8217;all\u00f2 m\u00e9s b\u00e9. Aqu\u00ed us deixem algunes fotografies:<br \/>\n<a href=\"https:\/\/photos.app.goo.gl\/iyNjeqTBgiMr3VSi9\" target=\"_blank\" rel=\"noopener\">FOTOGRAFIES<\/a><br \/>\nMoltes gr\u00e0cies fam\u00edlies!<br \/>\n<a href=\"https:\/\/photos.app.goo.gl\/iyNjeqTBgiMr3VSi9\" target=\"_blank\" rel=\"noopener\"><\/a><\/p>\n","protected":false},"author":3,"featured_media":0,"comment_status":"open","ping_status":"closed","sticky":false,"template":"","format":"standard","meta":{"_bbp_topic_count":0,"_bbp_reply_count":0,"_bbp_total_topic_count":0,"_bbp_total_reply_count":0,"_bbp_voice_count":0,"_bbp_anonymous_reply_count":0,"_bbp_topic_count_hidden":0,"_bbp_reply_count_hidden":0,"_bbp_forum_subforum_count":0,"footnotes":""},"categories":[2,1,4],"tags":[],"class_list":["post-8800","post","type-post","status-publish","format-standard","hentry","category-petits","category-general","category-portada"],"post_mailing_queue_ids":[],"_links":{"self":[{"href":"https:\/\/agora.xtec.cat\/ceip-agsantandreu\/wp-json\/wp\/v2\/posts\/8800","targetHints":{"allow":["GET"]}}],"collection":[{"href":"https:\/\/agora.xtec.cat\/ceip-agsantandreu\/wp-json\/wp\/v2\/posts"}],"about":[{"href":"https:\/\/agora.xtec.cat\/ceip-agsantandreu\/wp-json\/wp\/v2\/types\/post"}],"author":[{"embeddable":true,"href":"https:\/\/agora.xtec.cat\/ceip-agsantandreu\/wp-json\/wp\/v2\/users\/3"}],"replies":[{"embeddable":true,"href":"https:\/\/agora.xtec.cat\/ceip-agsantandreu\/wp-json\/wp\/v2\/comments?post=8800"}],"version-history":[{"count":1,"href":"https:\/\/agora.xtec.cat\/ceip-agsantandreu\/wp-json\/wp\/v2\/posts\/8800\/revisions"}],"predecessor-version":[{"id":8802,"href":"https:\/\/agora.xtec.cat\/ceip-agsantandreu\/wp-json\/wp\/v2\/posts\/8800\/revisions\/8802"}],"wp:attachment":[{"href":"https:\/\/agora.xtec.cat\/ceip-agsantandreu\/wp-json\/wp\/v2\/media?parent=8800"}],"wp:term":[{"taxonomy":"category","embeddable":true,"href":"https:\/\/agora.xtec.cat\/ceip-agsantandreu\/wp-json\/wp\/v2\/categories?post=8800"},{"taxonomy":"post_tag","embeddable":true,"href":"https:\/\/agora.xtec.cat\/ceip-agsantandreu\/wp-json\/wp\/v2\/tags?post=8800"}],"curies":[{"name":"wp","href":"https:\/\/api.w.org\/{rel}","templated":true}]}}