{"id":8792,"date":"2025-03-20T13:00:50","date_gmt":"2025-03-20T12:00:50","guid":{"rendered":"https:\/\/agora.xtec.cat\/ceip-agsantandreu\/?p=8792"},"modified":"2025-03-20T13:01:23","modified_gmt":"2025-03-20T12:01:23","slug":"xerrades-sobre-les-aus-a-2n","status":"publish","type":"post","link":"https:\/\/agora.xtec.cat\/ceip-agsantandreu\/general\/xerrades-sobre-les-aus-a-2n\/","title":{"rendered":"Xerrades sobre les aus a 2n"},"content":{"rendered":"<p>La setmana passada, els nens i les nenes de 2n vam tenir el privilegi de comptar amb la col\u00b7laboraci\u00f3 de 2 fam\u00edlies de l&#8217;escola que van venir a fer-nos 2 xerrades diferents sobre les aus. \u00c9s un tema que ens interessa molt donat que durant aquest trimestre estem treballant els ecosistemes, les plantes i els animals.<\/p>\n<p>L&#8217;avi Ferran ens va fer una explicaci\u00f3 sobre les caracter\u00edstiques de les aus, com viuen, com es reprodueixen&#8230; fins i tot ens va portar una caixa niu que tenia un niu i ous a dintre. Va ser una tarda molt interessant on vam aprendre molt\u00edssimes coses!!<\/p>\n<p>El Gregorio ens va portar 2 caderneres, un mascle i una femella, aix\u00ed vam poder observar clarament les difer\u00e8ncies entre les dues aus. Tamb\u00e9 ens va explicar la seva gran afici\u00f3 pels ocells. Ens va agradar molt passar la tarda amb ell!!<\/p>\n<p>Volem donar les gr\u00e0cies al Ferran i al Gregorio per compartir una estona amb tots nosaltres!!!<\/p>\n<p>Aqu\u00ed us deixem un recull de les\u00a0<a href=\"https:\/\/photos.app.goo.gl\/7dQCM1MN6TVagEr5A\" target=\"_blank\" rel=\"noopener\">FOTOGRAFIES.<\/a><\/p>\n<p><img loading=\"lazy\" decoding=\"async\" class=\"aligncenter size-medium wp-image-8793\" src=\"https:\/\/agora.xtec.cat\/ceip-agsantandreu\/wp-content\/uploads\/usu37\/2025\/03\/PHOTO-2025-03-20-11-44-11-300x169.jpg\" alt=\"\" width=\"300\" height=\"169\" srcset=\"https:\/\/agora.xtec.cat\/ceip-agsantandreu\/wp-content\/uploads\/usu37\/2025\/03\/PHOTO-2025-03-20-11-44-11-300x169.jpg 300w, https:\/\/agora.xtec.cat\/ceip-agsantandreu\/wp-content\/uploads\/usu37\/2025\/03\/PHOTO-2025-03-20-11-44-11-1024x576.jpg 1024w, https:\/\/agora.xtec.cat\/ceip-agsantandreu\/wp-content\/uploads\/usu37\/2025\/03\/PHOTO-2025-03-20-11-44-11-768x432.jpg 768w, https:\/\/agora.xtec.cat\/ceip-agsantandreu\/wp-content\/uploads\/usu37\/2025\/03\/PHOTO-2025-03-20-11-44-11-1536x864.jpg 1536w, https:\/\/agora.xtec.cat\/ceip-agsantandreu\/wp-content\/uploads\/usu37\/2025\/03\/PHOTO-2025-03-20-11-44-11.jpg 1600w\" sizes=\"auto, (max-width: 300px) 100vw, 300px\" \/><\/p>\n<p>&nbsp;<\/p>\n<p>&nbsp;<\/p>\n","protected":false},"excerpt":{"rendered":"<p>La setmana passada, els nens i les nenes de 2n vam tenir el privilegi de comptar amb la col\u00b7laboraci\u00f3 de 2 fam\u00edlies de l&#8217;escola que van venir a fer-nos 2 xerrades diferents sobre les aus. \u00c9s un tema que ens interessa molt donat que durant&hellip;  <a href=\"https:\/\/agora.xtec.cat\/ceip-agsantandreu\/general\/xerrades-sobre-les-aus-a-2n\/\" title=\"Read Xerrades sobre les aus a 2n\">Llegeix m\u00e9s\u00bb<\/a><\/p>\n","protected":false},"author":3,"featured_media":0,"comment_status":"closed","ping_status":"closed","sticky":false,"template":"","format":"standard","meta":{"_bbp_topic_count":0,"_bbp_reply_count":0,"_bbp_total_topic_count":0,"_bbp_total_reply_count":0,"_bbp_voice_count":0,"_bbp_anonymous_reply_count":0,"_bbp_topic_count_hidden":0,"_bbp_reply_count_hidden":0,"_bbp_forum_subforum_count":0,"footnotes":""},"categories":[5,1,4],"tags":[],"class_list":["post-8792","post","type-post","status-publish","format-standard","hentry","category-mitjans","category-general","category-portada"],"post_mailing_queue_ids":[],"_links":{"self":[{"href":"https:\/\/agora.xtec.cat\/ceip-agsantandreu\/wp-json\/wp\/v2\/posts\/8792","targetHints":{"allow":["GET"]}}],"collection":[{"href":"https:\/\/agora.xtec.cat\/ceip-agsantandreu\/wp-json\/wp\/v2\/posts"}],"about":[{"href":"https:\/\/agora.xtec.cat\/ceip-agsantandreu\/wp-json\/wp\/v2\/types\/post"}],"author":[{"embeddable":true,"href":"https:\/\/agora.xtec.cat\/ceip-agsantandreu\/wp-json\/wp\/v2\/users\/3"}],"replies":[{"embeddable":true,"href":"https:\/\/agora.xtec.cat\/ceip-agsantandreu\/wp-json\/wp\/v2\/comments?post=8792"}],"version-history":[{"count":1,"href":"https:\/\/agora.xtec.cat\/ceip-agsantandreu\/wp-json\/wp\/v2\/posts\/8792\/revisions"}],"predecessor-version":[{"id":8794,"href":"https:\/\/agora.xtec.cat\/ceip-agsantandreu\/wp-json\/wp\/v2\/posts\/8792\/revisions\/8794"}],"wp:attachment":[{"href":"https:\/\/agora.xtec.cat\/ceip-agsantandreu\/wp-json\/wp\/v2\/media?parent=8792"}],"wp:term":[{"taxonomy":"category","embeddable":true,"href":"https:\/\/agora.xtec.cat\/ceip-agsantandreu\/wp-json\/wp\/v2\/categories?post=8792"},{"taxonomy":"post_tag","embeddable":true,"href":"https:\/\/agora.xtec.cat\/ceip-agsantandreu\/wp-json\/wp\/v2\/tags?post=8792"}],"curies":[{"name":"wp","href":"https:\/\/api.w.org\/{rel}","templated":true}]}}