{"id":8786,"date":"2025-03-17T15:40:44","date_gmt":"2025-03-17T14:40:44","guid":{"rendered":"https:\/\/agora.xtec.cat\/ceip-agsantandreu\/?p=8786"},"modified":"2025-03-17T15:40:44","modified_gmt":"2025-03-17T14:40:44","slug":"4t-al-palau-de-la-musica","status":"publish","type":"post","link":"https:\/\/agora.xtec.cat\/ceip-agsantandreu\/general\/4t-al-palau-de-la-musica\/","title":{"rendered":"4t al Palau de la M\u00fasica!"},"content":{"rendered":"<p>Els nens i nenes de 4t hem anat d&#8217;excursi\u00f3 a con\u00e8ixer el Palau de la m\u00fasica de Barcelona. All\u00e0, hem pogut gaudir de l&#8217;obra &#8220;Big Bang Beethoven&#8221;, una oportunitat per descobrir la m\u00fasica d&#8217;aquest compositor en una proposta esc\u00e8nica i musical meravellosa.<br \/>\nDespr\u00e9s, hem anat a dinar al parc de la Ciutadella, on hem pogut compartir una bonica estona de joc amb els amics i amigues!<\/p>\n<p>Ens ho hem passat d&#8217;all\u00f2 m\u00e9s b\u00e9!!!<\/p>\n<p><a href=\"https:\/\/photos.app.goo.gl\/eFLsNNbbo2zoZAhQ7\" target=\"_blank\" rel=\"noopener\"><img loading=\"lazy\" decoding=\"async\" class=\"aligncenter wp-image-8787 size-large\" src=\"https:\/\/agora.xtec.cat\/ceip-agsantandreu\/wp-content\/uploads\/usu37\/2025\/03\/WhatsApp-Image-2025-03-17-at-14.19.13-1-576x1024.jpeg\" alt=\"\" width=\"576\" height=\"1024\" srcset=\"https:\/\/agora.xtec.cat\/ceip-agsantandreu\/wp-content\/uploads\/usu37\/2025\/03\/WhatsApp-Image-2025-03-17-at-14.19.13-1-576x1024.jpeg 576w, https:\/\/agora.xtec.cat\/ceip-agsantandreu\/wp-content\/uploads\/usu37\/2025\/03\/WhatsApp-Image-2025-03-17-at-14.19.13-1-169x300.jpeg 169w, https:\/\/agora.xtec.cat\/ceip-agsantandreu\/wp-content\/uploads\/usu37\/2025\/03\/WhatsApp-Image-2025-03-17-at-14.19.13-1-768x1365.jpeg 768w, https:\/\/agora.xtec.cat\/ceip-agsantandreu\/wp-content\/uploads\/usu37\/2025\/03\/WhatsApp-Image-2025-03-17-at-14.19.13-1-864x1536.jpeg 864w, https:\/\/agora.xtec.cat\/ceip-agsantandreu\/wp-content\/uploads\/usu37\/2025\/03\/WhatsApp-Image-2025-03-17-at-14.19.13-1.jpeg 900w\" sizes=\"auto, (max-width: 576px) 100vw, 576px\" \/><\/a><\/p>\n<p><a href=\"https:\/\/photos.app.goo.gl\/eFLsNNbbo2zoZAhQ7\" target=\"_blank\" rel=\"noopener\">Aqu\u00ed us deixem unes imatges de la sortida<\/a><\/p>\n","protected":false},"excerpt":{"rendered":"<p>Els nens i nenes de 4t hem anat d&#8217;excursi\u00f3 a con\u00e8ixer el Palau de la m\u00fasica de Barcelona. All\u00e0, hem pogut gaudir de l&#8217;obra &#8220;Big Bang Beethoven&#8221;, una oportunitat per descobrir la m\u00fasica d&#8217;aquest compositor en una proposta esc\u00e8nica i musical meravellosa.<br \/>\nDespr\u00e9s, hem anat a&hellip;  <a href=\"https:\/\/agora.xtec.cat\/ceip-agsantandreu\/general\/4t-al-palau-de-la-musica\/\" title=\"Read 4t al Palau de la M\u00fasica!\">Llegeix m\u00e9s\u00bb<\/a><\/p>\n","protected":false},"author":1,"featured_media":0,"comment_status":"closed","ping_status":"closed","sticky":false,"template":"","format":"standard","meta":{"_bbp_topic_count":0,"_bbp_reply_count":0,"_bbp_total_topic_count":0,"_bbp_total_reply_count":0,"_bbp_voice_count":0,"_bbp_anonymous_reply_count":0,"_bbp_topic_count_hidden":0,"_bbp_reply_count_hidden":0,"_bbp_forum_subforum_count":0,"footnotes":""},"categories":[58,1,4],"tags":[],"class_list":["post-8786","post","type-post","status-publish","format-standard","hentry","category-mitjans-mitjans","category-general","category-portada"],"post_mailing_queue_ids":[],"_links":{"self":[{"href":"https:\/\/agora.xtec.cat\/ceip-agsantandreu\/wp-json\/wp\/v2\/posts\/8786","targetHints":{"allow":["GET"]}}],"collection":[{"href":"https:\/\/agora.xtec.cat\/ceip-agsantandreu\/wp-json\/wp\/v2\/posts"}],"about":[{"href":"https:\/\/agora.xtec.cat\/ceip-agsantandreu\/wp-json\/wp\/v2\/types\/post"}],"author":[{"embeddable":true,"href":"https:\/\/agora.xtec.cat\/ceip-agsantandreu\/wp-json\/wp\/v2\/users\/1"}],"replies":[{"embeddable":true,"href":"https:\/\/agora.xtec.cat\/ceip-agsantandreu\/wp-json\/wp\/v2\/comments?post=8786"}],"version-history":[{"count":1,"href":"https:\/\/agora.xtec.cat\/ceip-agsantandreu\/wp-json\/wp\/v2\/posts\/8786\/revisions"}],"predecessor-version":[{"id":8788,"href":"https:\/\/agora.xtec.cat\/ceip-agsantandreu\/wp-json\/wp\/v2\/posts\/8786\/revisions\/8788"}],"wp:attachment":[{"href":"https:\/\/agora.xtec.cat\/ceip-agsantandreu\/wp-json\/wp\/v2\/media?parent=8786"}],"wp:term":[{"taxonomy":"category","embeddable":true,"href":"https:\/\/agora.xtec.cat\/ceip-agsantandreu\/wp-json\/wp\/v2\/categories?post=8786"},{"taxonomy":"post_tag","embeddable":true,"href":"https:\/\/agora.xtec.cat\/ceip-agsantandreu\/wp-json\/wp\/v2\/tags?post=8786"}],"curies":[{"name":"wp","href":"https:\/\/api.w.org\/{rel}","templated":true}]}}