{"id":8780,"date":"2025-03-12T17:40:10","date_gmt":"2025-03-12T16:40:10","guid":{"rendered":"https:\/\/agora.xtec.cat\/ceip-agsantandreu\/?p=8780"},"modified":"2025-03-12T17:40:10","modified_gmt":"2025-03-12T16:40:10","slug":"robotica-amb-lego-a-6e","status":"publish","type":"post","link":"https:\/\/agora.xtec.cat\/ceip-agsantandreu\/general\/robotica-amb-lego-a-6e\/","title":{"rendered":"Rob\u00f2tica amb Lego a 6\u00e8"},"content":{"rendered":"<p><a href=\"https:\/\/photos.app.goo.gl\/NKCGzcNAyYsymLPQA\" target=\"_blank\" rel=\"noopener\"><img loading=\"lazy\" decoding=\"async\" class=\"aligncenter wp-image-8781 size-large\" src=\"https:\/\/agora.xtec.cat\/ceip-agsantandreu\/wp-content\/uploads\/usu37\/2025\/03\/WhatsApp-Image-2025-03-11-at-16.37.44-1-1024x576.jpeg\" alt=\"\" width=\"1024\" height=\"576\" srcset=\"https:\/\/agora.xtec.cat\/ceip-agsantandreu\/wp-content\/uploads\/usu37\/2025\/03\/WhatsApp-Image-2025-03-11-at-16.37.44-1-1024x576.jpeg 1024w, https:\/\/agora.xtec.cat\/ceip-agsantandreu\/wp-content\/uploads\/usu37\/2025\/03\/WhatsApp-Image-2025-03-11-at-16.37.44-1-300x169.jpeg 300w, https:\/\/agora.xtec.cat\/ceip-agsantandreu\/wp-content\/uploads\/usu37\/2025\/03\/WhatsApp-Image-2025-03-11-at-16.37.44-1-768x432.jpeg 768w, https:\/\/agora.xtec.cat\/ceip-agsantandreu\/wp-content\/uploads\/usu37\/2025\/03\/WhatsApp-Image-2025-03-11-at-16.37.44-1-1536x864.jpeg 1536w, https:\/\/agora.xtec.cat\/ceip-agsantandreu\/wp-content\/uploads\/usu37\/2025\/03\/WhatsApp-Image-2025-03-11-at-16.37.44-1.jpeg 2048w\" sizes=\"auto, (max-width: 1024px) 100vw, 1024px\" \/><\/a><\/p>\n<p><a href=\"https:\/\/photos.app.goo.gl\/NKCGzcNAyYsymLPQA\" target=\"_blank\" rel=\"noopener\">Feu clic a la imatge per veure m\u00e9s fotografies.<\/a><\/p>\n<p>L&#8217;alumnat de 6\u00e8 ha comen\u00e7at a treballar rob\u00f2tica amb el material de Lego Rob\u00f2tics.<\/p>\n<p>Han comen\u00e7at a programar els seus primers robots generant automatismes i consignes senzilles.<\/p>\n<p>Una activitat d&#8217;all\u00f2 m\u00e9s atractiva i motivadora pels infants.<\/p>\n","protected":false},"excerpt":{"rendered":"<p><a href=\"https:\/\/photos.app.goo.gl\/NKCGzcNAyYsymLPQA\" target=\"_blank\" rel=\"noopener\"><\/a><br \/>\n<a href=\"https:\/\/photos.app.goo.gl\/NKCGzcNAyYsymLPQA\" target=\"_blank\" rel=\"noopener\">Feu clic a la imatge per veure m\u00e9s fotografies.<\/a><br \/>\nL&#8217;alumnat de 6\u00e8 ha comen\u00e7at a treballar rob\u00f2tica amb el material de Lego Rob\u00f2tics.<br \/>\nHan comen\u00e7at a programar els seus primers robots generant automatismes i consignes senzilles.<br \/>\nUna activitat d&#8217;all\u00f2 m\u00e9s atractiva i&hellip;  <a href=\"https:\/\/agora.xtec.cat\/ceip-agsantandreu\/general\/robotica-amb-lego-a-6e\/\" title=\"Read Rob\u00f2tica amb Lego a 6\u00e8\">Llegeix m\u00e9s\u00bb<\/a><\/p>\n","protected":false},"author":1,"featured_media":0,"comment_status":"closed","ping_status":"closed","sticky":false,"template":"","format":"standard","meta":{"_bbp_topic_count":0,"_bbp_reply_count":0,"_bbp_total_topic_count":0,"_bbp_total_reply_count":0,"_bbp_voice_count":0,"_bbp_anonymous_reply_count":0,"_bbp_topic_count_hidden":0,"_bbp_reply_count_hidden":0,"_bbp_forum_subforum_count":0,"footnotes":""},"categories":[59,1,4],"tags":[],"class_list":["post-8780","post","type-post","status-publish","format-standard","hentry","category-grans","category-general","category-portada"],"post_mailing_queue_ids":[],"_links":{"self":[{"href":"https:\/\/agora.xtec.cat\/ceip-agsantandreu\/wp-json\/wp\/v2\/posts\/8780","targetHints":{"allow":["GET"]}}],"collection":[{"href":"https:\/\/agora.xtec.cat\/ceip-agsantandreu\/wp-json\/wp\/v2\/posts"}],"about":[{"href":"https:\/\/agora.xtec.cat\/ceip-agsantandreu\/wp-json\/wp\/v2\/types\/post"}],"author":[{"embeddable":true,"href":"https:\/\/agora.xtec.cat\/ceip-agsantandreu\/wp-json\/wp\/v2\/users\/1"}],"replies":[{"embeddable":true,"href":"https:\/\/agora.xtec.cat\/ceip-agsantandreu\/wp-json\/wp\/v2\/comments?post=8780"}],"version-history":[{"count":1,"href":"https:\/\/agora.xtec.cat\/ceip-agsantandreu\/wp-json\/wp\/v2\/posts\/8780\/revisions"}],"predecessor-version":[{"id":8782,"href":"https:\/\/agora.xtec.cat\/ceip-agsantandreu\/wp-json\/wp\/v2\/posts\/8780\/revisions\/8782"}],"wp:attachment":[{"href":"https:\/\/agora.xtec.cat\/ceip-agsantandreu\/wp-json\/wp\/v2\/media?parent=8780"}],"wp:term":[{"taxonomy":"category","embeddable":true,"href":"https:\/\/agora.xtec.cat\/ceip-agsantandreu\/wp-json\/wp\/v2\/categories?post=8780"},{"taxonomy":"post_tag","embeddable":true,"href":"https:\/\/agora.xtec.cat\/ceip-agsantandreu\/wp-json\/wp\/v2\/tags?post=8780"}],"curies":[{"name":"wp","href":"https:\/\/api.w.org\/{rel}","templated":true}]}}