{"id":8767,"date":"2025-02-05T17:47:08","date_gmt":"2025-02-05T16:47:08","guid":{"rendered":"https:\/\/agora.xtec.cat\/ceip-agsantandreu\/?p=8767"},"modified":"2025-03-05T17:57:01","modified_gmt":"2025-03-05T16:57:01","slug":"menja-fruita","status":"publish","type":"post","link":"https:\/\/agora.xtec.cat\/ceip-agsantandreu\/general\/menja-fruita\/","title":{"rendered":"MENJA FRUITA!"},"content":{"rendered":"<p>Aquest mes de gener, l&#8217;alumnat de 4t va realitzar una campanya publicit\u00e0ria per incentivar el consum de fruita entre els companys i companyes de l&#8217;escola. A m\u00e9s de dissenyar uns cartells publicitaris que estan penjats arreu del centre, van anar classe per classe exposant els beneficis que suposa pel nostre cos el consum de fruita di\u00e0ria, posant l&#8217;accent en els dimecres, que \u00e9s el dia de la fruita a l&#8217;escola. Tamb\u00e9 van posar de manifest el profit que podem treure com escola per estar inscrits en el programa de fruita pels centres educatius de la Generalitat de Catalunya.<\/p>\n<p><a href=\"https:\/\/photos.app.goo.gl\/ufpRXQLDtTrZYAtq8\" target=\"_blank\" rel=\"noopener\"><img loading=\"lazy\" decoding=\"async\" class=\"aligncenter wp-image-8768 size-large\" src=\"https:\/\/agora.xtec.cat\/ceip-agsantandreu\/wp-content\/uploads\/usu37\/2025\/03\/WhatsApp-Image-2025-02-12-at-13.44.58-768x1024.jpeg\" alt=\"\" width=\"768\" height=\"1024\" srcset=\"https:\/\/agora.xtec.cat\/ceip-agsantandreu\/wp-content\/uploads\/usu37\/2025\/03\/WhatsApp-Image-2025-02-12-at-13.44.58-768x1024.jpeg 768w, https:\/\/agora.xtec.cat\/ceip-agsantandreu\/wp-content\/uploads\/usu37\/2025\/03\/WhatsApp-Image-2025-02-12-at-13.44.58-225x300.jpeg 225w, https:\/\/agora.xtec.cat\/ceip-agsantandreu\/wp-content\/uploads\/usu37\/2025\/03\/WhatsApp-Image-2025-02-12-at-13.44.58-1152x1536.jpeg 1152w, https:\/\/agora.xtec.cat\/ceip-agsantandreu\/wp-content\/uploads\/usu37\/2025\/03\/WhatsApp-Image-2025-02-12-at-13.44.58.jpeg 1536w\" sizes=\"auto, (max-width: 768px) 100vw, 768px\" \/><\/a><\/p>\n<p><a href=\"https:\/\/photos.app.goo.gl\/ufpRXQLDtTrZYAtq8\" target=\"_blank\" rel=\"noopener\">Imatges dels cartells i les exposicions.<\/a><\/p>\n","protected":false},"excerpt":{"rendered":"<p>Aquest mes de gener, l&#8217;alumnat de 4t va realitzar una campanya publicit\u00e0ria per incentivar el consum de fruita entre els companys i companyes de l&#8217;escola. A m\u00e9s de dissenyar uns cartells publicitaris que estan penjats arreu del centre, van anar classe per classe exposant els&hellip;  <a href=\"https:\/\/agora.xtec.cat\/ceip-agsantandreu\/general\/menja-fruita\/\" title=\"Read MENJA FRUITA!\">Llegeix m\u00e9s\u00bb<\/a><\/p>\n","protected":false},"author":1,"featured_media":0,"comment_status":"closed","ping_status":"closed","sticky":false,"template":"","format":"standard","meta":{"_bbp_topic_count":0,"_bbp_reply_count":0,"_bbp_total_topic_count":0,"_bbp_total_reply_count":0,"_bbp_voice_count":0,"_bbp_anonymous_reply_count":0,"_bbp_topic_count_hidden":0,"_bbp_reply_count_hidden":0,"_bbp_forum_subforum_count":0,"footnotes":""},"categories":[58,1,4],"tags":[],"class_list":["post-8767","post","type-post","status-publish","format-standard","hentry","category-mitjans-mitjans","category-general","category-portada"],"post_mailing_queue_ids":[],"_links":{"self":[{"href":"https:\/\/agora.xtec.cat\/ceip-agsantandreu\/wp-json\/wp\/v2\/posts\/8767","targetHints":{"allow":["GET"]}}],"collection":[{"href":"https:\/\/agora.xtec.cat\/ceip-agsantandreu\/wp-json\/wp\/v2\/posts"}],"about":[{"href":"https:\/\/agora.xtec.cat\/ceip-agsantandreu\/wp-json\/wp\/v2\/types\/post"}],"author":[{"embeddable":true,"href":"https:\/\/agora.xtec.cat\/ceip-agsantandreu\/wp-json\/wp\/v2\/users\/1"}],"replies":[{"embeddable":true,"href":"https:\/\/agora.xtec.cat\/ceip-agsantandreu\/wp-json\/wp\/v2\/comments?post=8767"}],"version-history":[{"count":1,"href":"https:\/\/agora.xtec.cat\/ceip-agsantandreu\/wp-json\/wp\/v2\/posts\/8767\/revisions"}],"predecessor-version":[{"id":8769,"href":"https:\/\/agora.xtec.cat\/ceip-agsantandreu\/wp-json\/wp\/v2\/posts\/8767\/revisions\/8769"}],"wp:attachment":[{"href":"https:\/\/agora.xtec.cat\/ceip-agsantandreu\/wp-json\/wp\/v2\/media?parent=8767"}],"wp:term":[{"taxonomy":"category","embeddable":true,"href":"https:\/\/agora.xtec.cat\/ceip-agsantandreu\/wp-json\/wp\/v2\/categories?post=8767"},{"taxonomy":"post_tag","embeddable":true,"href":"https:\/\/agora.xtec.cat\/ceip-agsantandreu\/wp-json\/wp\/v2\/tags?post=8767"}],"curies":[{"name":"wp","href":"https:\/\/api.w.org\/{rel}","templated":true}]}}