{"id":8745,"date":"2025-01-31T17:08:55","date_gmt":"2025-01-31T16:08:55","guid":{"rendered":"https:\/\/agora.xtec.cat\/ceip-agsantandreu\/?p=8745"},"modified":"2025-02-27T17:15:15","modified_gmt":"2025-02-27T16:15:15","slug":"dia-escolar-de-la-pau-i-la-no-violencia","status":"publish","type":"post","link":"https:\/\/agora.xtec.cat\/ceip-agsantandreu\/general\/dia-escolar-de-la-pau-i-la-no-violencia\/","title":{"rendered":"Dia Escolar de la PAU i la NO Viol\u00e8ncia"},"content":{"rendered":"<p><a href=\"https:\/\/photos.app.goo.gl\/uw71DiibL8DkVsJD7\" target=\"_blank\" rel=\"noopener\"><img loading=\"lazy\" decoding=\"async\" class=\"aligncenter wp-image-8746 size-large\" src=\"https:\/\/agora.xtec.cat\/ceip-agsantandreu\/wp-content\/uploads\/usu37\/2025\/02\/WhatsApp-Image-2025-02-07-at-15.58.55-1-1024x768.jpeg\" alt=\"\" width=\"1024\" height=\"768\" srcset=\"https:\/\/agora.xtec.cat\/ceip-agsantandreu\/wp-content\/uploads\/usu37\/2025\/02\/WhatsApp-Image-2025-02-07-at-15.58.55-1-1024x768.jpeg 1024w, https:\/\/agora.xtec.cat\/ceip-agsantandreu\/wp-content\/uploads\/usu37\/2025\/02\/WhatsApp-Image-2025-02-07-at-15.58.55-1-300x225.jpeg 300w, https:\/\/agora.xtec.cat\/ceip-agsantandreu\/wp-content\/uploads\/usu37\/2025\/02\/WhatsApp-Image-2025-02-07-at-15.58.55-1-768x576.jpeg 768w, https:\/\/agora.xtec.cat\/ceip-agsantandreu\/wp-content\/uploads\/usu37\/2025\/02\/WhatsApp-Image-2025-02-07-at-15.58.55-1-1536x1152.jpeg 1536w, https:\/\/agora.xtec.cat\/ceip-agsantandreu\/wp-content\/uploads\/usu37\/2025\/02\/WhatsApp-Image-2025-02-07-at-15.58.55-1-200x150.jpeg 200w, https:\/\/agora.xtec.cat\/ceip-agsantandreu\/wp-content\/uploads\/usu37\/2025\/02\/WhatsApp-Image-2025-02-07-at-15.58.55-1.jpeg 2000w\" sizes=\"auto, (max-width: 1024px) 100vw, 1024px\" \/><\/a><\/p>\n<p>Durant avui divendres hem realitzat diverses activitats per celebrar i reivindicar el Dia Escolar de la Pau i la No Viol\u00e8ncia.<\/p>\n<p>Aquest dia \u00e9s molt important per la conscienciaci\u00f3 dels nostres infants respecte als conceptes de viol\u00e8ncia, les seves formes de manifestar-se, el com reaccionar i rebutjar aquestes conductes en favor del m\u00f3n m\u00e9s pac\u00edfic i en pau.<\/p>\n<p><a href=\"https:\/\/photos.app.goo.gl\/uw71DiibL8DkVsJD7\" target=\"_blank\" rel=\"noopener\">Aqu\u00ed us deixem unes imatges de les activitats!<\/a><\/p>\n","protected":false},"excerpt":{"rendered":"<p><a href=\"https:\/\/photos.app.goo.gl\/uw71DiibL8DkVsJD7\" target=\"_blank\" rel=\"noopener\"><\/a><br \/>\nDurant avui divendres hem realitzat diverses activitats per celebrar i reivindicar el Dia Escolar de la Pau i la No Viol\u00e8ncia.<br \/>\nAquest dia \u00e9s molt important per la conscienciaci\u00f3 dels nostres infants respecte als conceptes de viol\u00e8ncia, les seves formes de manifestar-se, el&hellip;  <a href=\"https:\/\/agora.xtec.cat\/ceip-agsantandreu\/general\/dia-escolar-de-la-pau-i-la-no-violencia\/\" title=\"Read Dia Escolar de la PAU i la NO Viol\u00e8ncia\">Llegeix m\u00e9s\u00bb<\/a><\/p>\n","protected":false},"author":1,"featured_media":0,"comment_status":"closed","ping_status":"closed","sticky":false,"template":"","format":"standard","meta":{"_bbp_topic_count":0,"_bbp_reply_count":0,"_bbp_total_topic_count":0,"_bbp_total_reply_count":0,"_bbp_voice_count":0,"_bbp_anonymous_reply_count":0,"_bbp_topic_count_hidden":0,"_bbp_reply_count_hidden":0,"_bbp_forum_subforum_count":0,"footnotes":""},"categories":[1,4],"tags":[],"class_list":["post-8745","post","type-post","status-publish","format-standard","hentry","category-general","category-portada"],"post_mailing_queue_ids":[],"_links":{"self":[{"href":"https:\/\/agora.xtec.cat\/ceip-agsantandreu\/wp-json\/wp\/v2\/posts\/8745","targetHints":{"allow":["GET"]}}],"collection":[{"href":"https:\/\/agora.xtec.cat\/ceip-agsantandreu\/wp-json\/wp\/v2\/posts"}],"about":[{"href":"https:\/\/agora.xtec.cat\/ceip-agsantandreu\/wp-json\/wp\/v2\/types\/post"}],"author":[{"embeddable":true,"href":"https:\/\/agora.xtec.cat\/ceip-agsantandreu\/wp-json\/wp\/v2\/users\/1"}],"replies":[{"embeddable":true,"href":"https:\/\/agora.xtec.cat\/ceip-agsantandreu\/wp-json\/wp\/v2\/comments?post=8745"}],"version-history":[{"count":2,"href":"https:\/\/agora.xtec.cat\/ceip-agsantandreu\/wp-json\/wp\/v2\/posts\/8745\/revisions"}],"predecessor-version":[{"id":8748,"href":"https:\/\/agora.xtec.cat\/ceip-agsantandreu\/wp-json\/wp\/v2\/posts\/8745\/revisions\/8748"}],"wp:attachment":[{"href":"https:\/\/agora.xtec.cat\/ceip-agsantandreu\/wp-json\/wp\/v2\/media?parent=8745"}],"wp:term":[{"taxonomy":"category","embeddable":true,"href":"https:\/\/agora.xtec.cat\/ceip-agsantandreu\/wp-json\/wp\/v2\/categories?post=8745"},{"taxonomy":"post_tag","embeddable":true,"href":"https:\/\/agora.xtec.cat\/ceip-agsantandreu\/wp-json\/wp\/v2\/tags?post=8745"}],"curies":[{"name":"wp","href":"https:\/\/api.w.org\/{rel}","templated":true}]}}