{"id":8720,"date":"2025-02-18T15:37:33","date_gmt":"2025-02-18T14:37:33","guid":{"rendered":"https:\/\/agora.xtec.cat\/ceip-agsantandreu\/?p=8720"},"modified":"2025-02-19T09:07:47","modified_gmt":"2025-02-19T08:07:47","slug":"visita-dels-agents-rurals-a-1r-i-2n","status":"publish","type":"post","link":"https:\/\/agora.xtec.cat\/ceip-agsantandreu\/general\/visita-dels-agents-rurals-a-1r-i-2n\/","title":{"rendered":"Visita dels Agents Rurals a 1r i 2n"},"content":{"rendered":"<p>Aquesta setmana els alumnes de 1r Cicle hem rebut la visita dels Agents Rurals de la Generalitat. Van venir a explicar-nos quines s\u00f3n les seves tasques i ajudar-nos a con\u00e8ixer quines s\u00f3n les actituds m\u00e9s respectuoses amb el medi que ens envolta. Per acabar, ens van ensenyar el seu vehicle i tot el que porten a dins. Vam passar una estona molt entretinguda i vam aprendre moltes coses interessants!<\/p>\n<p><a href=\"https:\/\/photos.app.goo.gl\/5xWdKtoP1dhvEQB56\" target=\"_blank\" rel=\"noopener\">VEURE FOTOGRAFIES<\/a><\/p>\n<p><img loading=\"lazy\" decoding=\"async\" class=\"alignnone size-medium wp-image-8721 aligncenter\" src=\"https:\/\/agora.xtec.cat\/ceip-agsantandreu\/wp-content\/uploads\/usu37\/2025\/02\/IMG-20250218-WA0019-300x225.jpg\" alt=\"\" width=\"300\" height=\"225\" srcset=\"https:\/\/agora.xtec.cat\/ceip-agsantandreu\/wp-content\/uploads\/usu37\/2025\/02\/IMG-20250218-WA0019-300x225.jpg 300w, https:\/\/agora.xtec.cat\/ceip-agsantandreu\/wp-content\/uploads\/usu37\/2025\/02\/IMG-20250218-WA0019-1024x768.jpg 1024w, https:\/\/agora.xtec.cat\/ceip-agsantandreu\/wp-content\/uploads\/usu37\/2025\/02\/IMG-20250218-WA0019-768x576.jpg 768w, https:\/\/agora.xtec.cat\/ceip-agsantandreu\/wp-content\/uploads\/usu37\/2025\/02\/IMG-20250218-WA0019-1536x1152.jpg 1536w, https:\/\/agora.xtec.cat\/ceip-agsantandreu\/wp-content\/uploads\/usu37\/2025\/02\/IMG-20250218-WA0019-200x150.jpg 200w, https:\/\/agora.xtec.cat\/ceip-agsantandreu\/wp-content\/uploads\/usu37\/2025\/02\/IMG-20250218-WA0019.jpg 2000w\" sizes=\"auto, (max-width: 300px) 100vw, 300px\" \/><\/p>\n","protected":false},"excerpt":{"rendered":"<p>Aquesta setmana els alumnes de 1r Cicle hem rebut la visita dels Agents Rurals de la Generalitat. Van venir a explicar-nos quines s\u00f3n les seves tasques i ajudar-nos a con\u00e8ixer quines s\u00f3n les actituds m\u00e9s respectuoses amb el medi que ens envolta. Per acabar, ens&hellip;  <a href=\"https:\/\/agora.xtec.cat\/ceip-agsantandreu\/general\/visita-dels-agents-rurals-a-1r-i-2n\/\" title=\"Read Visita dels Agents Rurals a 1r i 2n\">Llegeix m\u00e9s\u00bb<\/a><\/p>\n","protected":false},"author":3,"featured_media":0,"comment_status":"closed","ping_status":"closed","sticky":false,"template":"","format":"standard","meta":{"_bbp_topic_count":0,"_bbp_reply_count":0,"_bbp_total_topic_count":0,"_bbp_total_reply_count":0,"_bbp_voice_count":0,"_bbp_anonymous_reply_count":0,"_bbp_topic_count_hidden":0,"_bbp_reply_count_hidden":0,"_bbp_forum_subforum_count":0,"footnotes":""},"categories":[5,1,4],"tags":[],"class_list":["post-8720","post","type-post","status-publish","format-standard","hentry","category-mitjans","category-general","category-portada"],"post_mailing_queue_ids":[],"_links":{"self":[{"href":"https:\/\/agora.xtec.cat\/ceip-agsantandreu\/wp-json\/wp\/v2\/posts\/8720","targetHints":{"allow":["GET"]}}],"collection":[{"href":"https:\/\/agora.xtec.cat\/ceip-agsantandreu\/wp-json\/wp\/v2\/posts"}],"about":[{"href":"https:\/\/agora.xtec.cat\/ceip-agsantandreu\/wp-json\/wp\/v2\/types\/post"}],"author":[{"embeddable":true,"href":"https:\/\/agora.xtec.cat\/ceip-agsantandreu\/wp-json\/wp\/v2\/users\/3"}],"replies":[{"embeddable":true,"href":"https:\/\/agora.xtec.cat\/ceip-agsantandreu\/wp-json\/wp\/v2\/comments?post=8720"}],"version-history":[{"count":1,"href":"https:\/\/agora.xtec.cat\/ceip-agsantandreu\/wp-json\/wp\/v2\/posts\/8720\/revisions"}],"predecessor-version":[{"id":8722,"href":"https:\/\/agora.xtec.cat\/ceip-agsantandreu\/wp-json\/wp\/v2\/posts\/8720\/revisions\/8722"}],"wp:attachment":[{"href":"https:\/\/agora.xtec.cat\/ceip-agsantandreu\/wp-json\/wp\/v2\/media?parent=8720"}],"wp:term":[{"taxonomy":"category","embeddable":true,"href":"https:\/\/agora.xtec.cat\/ceip-agsantandreu\/wp-json\/wp\/v2\/categories?post=8720"},{"taxonomy":"post_tag","embeddable":true,"href":"https:\/\/agora.xtec.cat\/ceip-agsantandreu\/wp-json\/wp\/v2\/tags?post=8720"}],"curies":[{"name":"wp","href":"https:\/\/api.w.org\/{rel}","templated":true}]}}