{"id":8700,"date":"2025-02-07T17:02:25","date_gmt":"2025-02-07T16:02:25","guid":{"rendered":"https:\/\/agora.xtec.cat\/ceip-agsantandreu\/?p=8700"},"modified":"2025-02-07T17:02:25","modified_gmt":"2025-02-07T16:02:25","slug":"museu-de-la-musica-de-barcelona","status":"publish","type":"post","link":"https:\/\/agora.xtec.cat\/ceip-agsantandreu\/general\/museu-de-la-musica-de-barcelona\/","title":{"rendered":"Museu de la m\u00fasica de Barcelona"},"content":{"rendered":"<p>Avui els alumnes de 3r A i 3r B hem anat al museu de la m\u00fasica de Barcelona on hem gaudit d&#8217;una estona molt entretinguda fent un taller musical. Hem tocat el Gamelan, un instrument t\u00edpic de l&#8217;illa de Bali (Indon\u00e8sia). Entre tots hem hagut d&#8217;escoltar-nos i hem aconseguit tocar una melodia amb aquests instruments com si f\u00f3ssim aut\u00e8ntics balinesos.<img loading=\"lazy\" decoding=\"async\" class=\"alignnone size-medium wp-image-8703\" src=\"https:\/\/agora.xtec.cat\/ceip-agsantandreu\/wp-content\/uploads\/usu37\/2025\/02\/WhatsApp-Image-2025-02-07-at-15.27.42-1-300x196.jpeg\" alt=\"\" width=\"300\" height=\"196\" srcset=\"https:\/\/agora.xtec.cat\/ceip-agsantandreu\/wp-content\/uploads\/usu37\/2025\/02\/WhatsApp-Image-2025-02-07-at-15.27.42-1-300x196.jpeg 300w, https:\/\/agora.xtec.cat\/ceip-agsantandreu\/wp-content\/uploads\/usu37\/2025\/02\/WhatsApp-Image-2025-02-07-at-15.27.42-1-1024x669.jpeg 1024w, https:\/\/agora.xtec.cat\/ceip-agsantandreu\/wp-content\/uploads\/usu37\/2025\/02\/WhatsApp-Image-2025-02-07-at-15.27.42-1-768x502.jpeg 768w, https:\/\/agora.xtec.cat\/ceip-agsantandreu\/wp-content\/uploads\/usu37\/2025\/02\/WhatsApp-Image-2025-02-07-at-15.27.42-1-1536x1004.jpeg 1536w, https:\/\/agora.xtec.cat\/ceip-agsantandreu\/wp-content\/uploads\/usu37\/2025\/02\/WhatsApp-Image-2025-02-07-at-15.27.42-1.jpeg 1600w\" sizes=\"auto, (max-width: 300px) 100vw, 300px\" \/><\/p>\n<p>Aqu\u00ed us deixem les fotos de tota la jornada.<\/p>\n<p><a href=\"https:\/\/photos.app.goo.gl\/aGC3Whu8vNPg6mte6\">https:\/\/photos.app.goo.gl\/aGC3Whu8vNPg6mte6<\/a><\/p>\n","protected":false},"excerpt":{"rendered":"<p>Avui els alumnes de 3r A i 3r B hem anat al museu de la m\u00fasica de Barcelona on hem gaudit d&#8217;una estona molt entretinguda fent un taller musical. Hem tocat el Gamelan, un instrument t\u00edpic de l&#8217;illa de Bali (Indon\u00e8sia). Entre tots hem hagut&hellip;  <a href=\"https:\/\/agora.xtec.cat\/ceip-agsantandreu\/general\/museu-de-la-musica-de-barcelona\/\" title=\"Read Museu de la m\u00fasica de Barcelona\">Llegeix m\u00e9s\u00bb<\/a><\/p>\n","protected":false},"author":3,"featured_media":0,"comment_status":"open","ping_status":"closed","sticky":false,"template":"","format":"standard","meta":{"_bbp_topic_count":0,"_bbp_reply_count":0,"_bbp_total_topic_count":0,"_bbp_total_reply_count":0,"_bbp_voice_count":0,"_bbp_anonymous_reply_count":0,"_bbp_topic_count_hidden":0,"_bbp_reply_count_hidden":0,"_bbp_forum_subforum_count":0,"footnotes":""},"categories":[58,1,4],"tags":[],"class_list":["post-8700","post","type-post","status-publish","format-standard","hentry","category-mitjans-mitjans","category-general","category-portada"],"post_mailing_queue_ids":[],"_links":{"self":[{"href":"https:\/\/agora.xtec.cat\/ceip-agsantandreu\/wp-json\/wp\/v2\/posts\/8700","targetHints":{"allow":["GET"]}}],"collection":[{"href":"https:\/\/agora.xtec.cat\/ceip-agsantandreu\/wp-json\/wp\/v2\/posts"}],"about":[{"href":"https:\/\/agora.xtec.cat\/ceip-agsantandreu\/wp-json\/wp\/v2\/types\/post"}],"author":[{"embeddable":true,"href":"https:\/\/agora.xtec.cat\/ceip-agsantandreu\/wp-json\/wp\/v2\/users\/3"}],"replies":[{"embeddable":true,"href":"https:\/\/agora.xtec.cat\/ceip-agsantandreu\/wp-json\/wp\/v2\/comments?post=8700"}],"version-history":[{"count":3,"href":"https:\/\/agora.xtec.cat\/ceip-agsantandreu\/wp-json\/wp\/v2\/posts\/8700\/revisions"}],"predecessor-version":[{"id":8706,"href":"https:\/\/agora.xtec.cat\/ceip-agsantandreu\/wp-json\/wp\/v2\/posts\/8700\/revisions\/8706"}],"wp:attachment":[{"href":"https:\/\/agora.xtec.cat\/ceip-agsantandreu\/wp-json\/wp\/v2\/media?parent=8700"}],"wp:term":[{"taxonomy":"category","embeddable":true,"href":"https:\/\/agora.xtec.cat\/ceip-agsantandreu\/wp-json\/wp\/v2\/categories?post=8700"},{"taxonomy":"post_tag","embeddable":true,"href":"https:\/\/agora.xtec.cat\/ceip-agsantandreu\/wp-json\/wp\/v2\/tags?post=8700"}],"curies":[{"name":"wp","href":"https:\/\/api.w.org\/{rel}","templated":true}]}}