{"id":8674,"date":"2025-01-14T17:06:14","date_gmt":"2025-01-14T16:06:14","guid":{"rendered":"https:\/\/agora.xtec.cat\/ceip-agsantandreu\/?p=8674"},"modified":"2025-01-16T17:09:45","modified_gmt":"2025-01-16T16:09:45","slug":"sortida-de-1r-a-la-font-de-can-canals","status":"publish","type":"post","link":"https:\/\/agora.xtec.cat\/ceip-agsantandreu\/general\/sortida-de-1r-a-la-font-de-can-canals\/","title":{"rendered":"SORTIDA DE 1r A LA FONT DE CAN CANALS"},"content":{"rendered":"<p data-pm-slice=\"1 1 []\">El dilluns vam fer una sortida a la font de Can Canals, m\u00e9s coneguda com la font de la Granota, per con\u00e8ixer el nostre bosc, ja que comencem el projecte interdisciplinari dels ODS (Objectius de Desenvolupament Sostenible). A primer ens centrarem en l&#8217;ODS 15, Ecosistemes terrestres i, per tant, en aquesta sortida hem fet observacions amb lupes i prism\u00e0tics, convertint-nos en agents forestals i volem conscienciar de la import\u00e0ncia de la conservaci\u00f3 del nostre entorn m\u00e9s proper.<\/p>\n<p>Estigueu atents com farem m\u00e9s endavant la nostra aportaci\u00f3!<\/p>\n<p>Mireu a les fotografies quina estona m\u00e9s ben aprofitada i com hem gaudit tots plegats.<\/p>\n<p style=\"text-align: left\"><a href=\"https:\/\/photos.app.goo.gl\/BNH54MmzPuLLoKsBA\" target=\"_blank\" rel=\"noopener\">FOTOGRAFIES<\/a><br \/>\n<a href=\"https:\/\/photos.app.goo.gl\/BNH54MmzPuLLoKsBA\" target=\"_blank\" rel=\"noopener\"><img loading=\"lazy\" decoding=\"async\" class=\"aligncenter wp-image-8675 size-medium\" src=\"https:\/\/agora.xtec.cat\/ceip-agsantandreu\/wp-content\/uploads\/usu37\/2025\/01\/WhatsApp-Image-2025-01-16-at-15.55.13-300x225.jpeg\" alt=\"\" width=\"300\" height=\"225\" srcset=\"https:\/\/agora.xtec.cat\/ceip-agsantandreu\/wp-content\/uploads\/usu37\/2025\/01\/WhatsApp-Image-2025-01-16-at-15.55.13-300x225.jpeg 300w, https:\/\/agora.xtec.cat\/ceip-agsantandreu\/wp-content\/uploads\/usu37\/2025\/01\/WhatsApp-Image-2025-01-16-at-15.55.13-1024x768.jpeg 1024w, https:\/\/agora.xtec.cat\/ceip-agsantandreu\/wp-content\/uploads\/usu37\/2025\/01\/WhatsApp-Image-2025-01-16-at-15.55.13-768x576.jpeg 768w, https:\/\/agora.xtec.cat\/ceip-agsantandreu\/wp-content\/uploads\/usu37\/2025\/01\/WhatsApp-Image-2025-01-16-at-15.55.13-1536x1152.jpeg 1536w, https:\/\/agora.xtec.cat\/ceip-agsantandreu\/wp-content\/uploads\/usu37\/2025\/01\/WhatsApp-Image-2025-01-16-at-15.55.13-200x150.jpeg 200w, https:\/\/agora.xtec.cat\/ceip-agsantandreu\/wp-content\/uploads\/usu37\/2025\/01\/WhatsApp-Image-2025-01-16-at-15.55.13.jpeg 1600w\" sizes=\"auto, (max-width: 300px) 100vw, 300px\" \/><\/a><\/p>\n<p>&nbsp;<\/p>\n","protected":false},"excerpt":{"rendered":"<p>El dilluns vam fer una sortida a la font de Can Canals, m\u00e9s coneguda com la font de la Granota, per con\u00e8ixer el nostre bosc, ja que comencem el projecte interdisciplinari dels ODS (Objectius de Desenvolupament Sostenible). A primer ens centrarem en l&#8217;ODS 15, Ecosistemes&hellip;  <a href=\"https:\/\/agora.xtec.cat\/ceip-agsantandreu\/general\/sortida-de-1r-a-la-font-de-can-canals\/\" title=\"Read SORTIDA DE 1r A LA FONT DE CAN CANALS\">Llegeix m\u00e9s\u00bb<\/a><\/p>\n","protected":false},"author":3,"featured_media":0,"comment_status":"closed","ping_status":"closed","sticky":false,"template":"","format":"standard","meta":{"_bbp_topic_count":0,"_bbp_reply_count":0,"_bbp_total_topic_count":0,"_bbp_total_reply_count":0,"_bbp_voice_count":0,"_bbp_anonymous_reply_count":0,"_bbp_topic_count_hidden":0,"_bbp_reply_count_hidden":0,"_bbp_forum_subforum_count":0,"footnotes":""},"categories":[5,1,4],"tags":[],"class_list":["post-8674","post","type-post","status-publish","format-standard","hentry","category-mitjans","category-general","category-portada"],"post_mailing_queue_ids":[],"_links":{"self":[{"href":"https:\/\/agora.xtec.cat\/ceip-agsantandreu\/wp-json\/wp\/v2\/posts\/8674","targetHints":{"allow":["GET"]}}],"collection":[{"href":"https:\/\/agora.xtec.cat\/ceip-agsantandreu\/wp-json\/wp\/v2\/posts"}],"about":[{"href":"https:\/\/agora.xtec.cat\/ceip-agsantandreu\/wp-json\/wp\/v2\/types\/post"}],"author":[{"embeddable":true,"href":"https:\/\/agora.xtec.cat\/ceip-agsantandreu\/wp-json\/wp\/v2\/users\/3"}],"replies":[{"embeddable":true,"href":"https:\/\/agora.xtec.cat\/ceip-agsantandreu\/wp-json\/wp\/v2\/comments?post=8674"}],"version-history":[{"count":2,"href":"https:\/\/agora.xtec.cat\/ceip-agsantandreu\/wp-json\/wp\/v2\/posts\/8674\/revisions"}],"predecessor-version":[{"id":8677,"href":"https:\/\/agora.xtec.cat\/ceip-agsantandreu\/wp-json\/wp\/v2\/posts\/8674\/revisions\/8677"}],"wp:attachment":[{"href":"https:\/\/agora.xtec.cat\/ceip-agsantandreu\/wp-json\/wp\/v2\/media?parent=8674"}],"wp:term":[{"taxonomy":"category","embeddable":true,"href":"https:\/\/agora.xtec.cat\/ceip-agsantandreu\/wp-json\/wp\/v2\/categories?post=8674"},{"taxonomy":"post_tag","embeddable":true,"href":"https:\/\/agora.xtec.cat\/ceip-agsantandreu\/wp-json\/wp\/v2\/tags?post=8674"}],"curies":[{"name":"wp","href":"https:\/\/api.w.org\/{rel}","templated":true}]}}