{"id":8645,"date":"2024-12-20T13:58:43","date_gmt":"2024-12-20T12:58:43","guid":{"rendered":"https:\/\/agora.xtec.cat\/ceip-agsantandreu\/?p=8645"},"modified":"2024-12-20T14:55:19","modified_gmt":"2024-12-20T13:55:19","slug":"cantata-de-nadal","status":"publish","type":"post","link":"https:\/\/agora.xtec.cat\/ceip-agsantandreu\/general\/cantata-de-nadal\/","title":{"rendered":"CANTATA DE NADAL!"},"content":{"rendered":"<p>Estimades fam\u00edlies!<\/p>\n<p>Aqu\u00ed us deixem un resum fotogr\u00e0fic del que ha estat la jornada d&#8217;avui, on els alumnes han compartit amb tots nosaltres la seva il\u00b7lusi\u00f3 i el seu treball amb can\u00e7ons i poemes fent-nos passar una estona d&#8217;all\u00f2 m\u00e9s especial.<\/p>\n<p>Us desitgem que tingueu molt Bones Festes, que passeu un molt Bon Nadal i que comenceu el 2025 amb salut i felicitat!<\/p>\n<p><a href=\"https:\/\/photos.app.goo.gl\/QPVts489ZcwoBXdy9\" target=\"_blank\" rel=\"noopener\"><img loading=\"lazy\" decoding=\"async\" class=\"aligncenter wp-image-8646 size-large\" src=\"https:\/\/agora.xtec.cat\/ceip-agsantandreu\/wp-content\/uploads\/usu37\/2024\/12\/WhatsApp-Image-2024-12-20-at-12.44.41-16-1024x576.jpeg\" alt=\"\" width=\"1024\" height=\"576\" srcset=\"https:\/\/agora.xtec.cat\/ceip-agsantandreu\/wp-content\/uploads\/usu37\/2024\/12\/WhatsApp-Image-2024-12-20-at-12.44.41-16-1024x576.jpeg 1024w, https:\/\/agora.xtec.cat\/ceip-agsantandreu\/wp-content\/uploads\/usu37\/2024\/12\/WhatsApp-Image-2024-12-20-at-12.44.41-16-300x169.jpeg 300w, https:\/\/agora.xtec.cat\/ceip-agsantandreu\/wp-content\/uploads\/usu37\/2024\/12\/WhatsApp-Image-2024-12-20-at-12.44.41-16-768x432.jpeg 768w, https:\/\/agora.xtec.cat\/ceip-agsantandreu\/wp-content\/uploads\/usu37\/2024\/12\/WhatsApp-Image-2024-12-20-at-12.44.41-16-1536x864.jpeg 1536w, https:\/\/agora.xtec.cat\/ceip-agsantandreu\/wp-content\/uploads\/usu37\/2024\/12\/WhatsApp-Image-2024-12-20-at-12.44.41-16.jpeg 1600w\" sizes=\"auto, (max-width: 1024px) 100vw, 1024px\" \/><\/a><\/p>\n<p><a href=\"https:\/\/photos.app.goo.gl\/QPVts489ZcwoBXdy9\" target=\"_blank\" rel=\"noopener\">Fotografies de la Cantata de Nadal<\/a><\/p>\n<p><a href=\"https:\/\/photos.app.goo.gl\/P1hKeoVm8gmdRGNB9\" target=\"_blank\" rel=\"noopener\">V\u00eddeo felicitaci\u00f3 dels mestres i personal del centre<\/a><\/p>\n","protected":false},"excerpt":{"rendered":"<p>Estimades fam\u00edlies!<br \/>\nAqu\u00ed us deixem un resum fotogr\u00e0fic del que ha estat la jornada d&#8217;avui, on els alumnes han compartit amb tots nosaltres la seva il\u00b7lusi\u00f3 i el seu treball amb can\u00e7ons i poemes fent-nos passar una estona d&#8217;all\u00f2 m\u00e9s especial.<br \/>\nUs desitgem que tingueu molt Bones&hellip;  <a href=\"https:\/\/agora.xtec.cat\/ceip-agsantandreu\/general\/cantata-de-nadal\/\" title=\"Read CANTATA DE NADAL!\">Llegeix m\u00e9s\u00bb<\/a><\/p>\n","protected":false},"author":1,"featured_media":0,"comment_status":"closed","ping_status":"closed","sticky":false,"template":"","format":"standard","meta":{"_bbp_topic_count":0,"_bbp_reply_count":0,"_bbp_total_topic_count":0,"_bbp_total_reply_count":0,"_bbp_voice_count":0,"_bbp_anonymous_reply_count":0,"_bbp_topic_count_hidden":0,"_bbp_reply_count_hidden":0,"_bbp_forum_subforum_count":0,"footnotes":""},"categories":[1,4],"tags":[],"class_list":["post-8645","post","type-post","status-publish","format-standard","hentry","category-general","category-portada"],"post_mailing_queue_ids":[],"_links":{"self":[{"href":"https:\/\/agora.xtec.cat\/ceip-agsantandreu\/wp-json\/wp\/v2\/posts\/8645","targetHints":{"allow":["GET"]}}],"collection":[{"href":"https:\/\/agora.xtec.cat\/ceip-agsantandreu\/wp-json\/wp\/v2\/posts"}],"about":[{"href":"https:\/\/agora.xtec.cat\/ceip-agsantandreu\/wp-json\/wp\/v2\/types\/post"}],"author":[{"embeddable":true,"href":"https:\/\/agora.xtec.cat\/ceip-agsantandreu\/wp-json\/wp\/v2\/users\/1"}],"replies":[{"embeddable":true,"href":"https:\/\/agora.xtec.cat\/ceip-agsantandreu\/wp-json\/wp\/v2\/comments?post=8645"}],"version-history":[{"count":2,"href":"https:\/\/agora.xtec.cat\/ceip-agsantandreu\/wp-json\/wp\/v2\/posts\/8645\/revisions"}],"predecessor-version":[{"id":8658,"href":"https:\/\/agora.xtec.cat\/ceip-agsantandreu\/wp-json\/wp\/v2\/posts\/8645\/revisions\/8658"}],"wp:attachment":[{"href":"https:\/\/agora.xtec.cat\/ceip-agsantandreu\/wp-json\/wp\/v2\/media?parent=8645"}],"wp:term":[{"taxonomy":"category","embeddable":true,"href":"https:\/\/agora.xtec.cat\/ceip-agsantandreu\/wp-json\/wp\/v2\/categories?post=8645"},{"taxonomy":"post_tag","embeddable":true,"href":"https:\/\/agora.xtec.cat\/ceip-agsantandreu\/wp-json\/wp\/v2\/tags?post=8645"}],"curies":[{"name":"wp","href":"https:\/\/api.w.org\/{rel}","templated":true}]}}