{"id":8635,"date":"2024-12-20T22:53:53","date_gmt":"2024-12-20T21:53:53","guid":{"rendered":"https:\/\/agora.xtec.cat\/ceip-agsantandreu\/?p=8635"},"modified":"2024-12-20T22:53:53","modified_gmt":"2024-12-20T21:53:53","slug":"ultims-dies-del-1r-trimestre-a-i5","status":"publish","type":"post","link":"https:\/\/agora.xtec.cat\/ceip-agsantandreu\/general\/ultims-dies-del-1r-trimestre-a-i5\/","title":{"rendered":"\u00daltims dies del 1r trimestre a I5"},"content":{"rendered":"<p>Hola fam\u00edlies,<\/p>\n<p>Avui tanquem el 1r trimestre despr\u00e9s de molts dies plens d&#8217;emocions i sorpreses.<\/p>\n<p>Fa uns dies vam trobar el Ti\u00f3 de la classe i l&#8217;hem estat cuidant i alimentant molt\u00edssim fins que avui per fi l&#8217;hem fet cagar.<\/p>\n<p>A m\u00e9s, ahir ens va visitar el Patge Reial i li vam entregar la carta que vam fer entre tots i totes per la classe.<\/p>\n<p>En el seg\u00fcent enlla\u00e7 us volem deixar un recull de fotografies d&#8217;aquests \u00faltims dies. Hem treballat de valent i ara toca descansar i gaudir d&#8217;unes ben merescudes vacances!<\/p>\n<p><a href=\"https:\/\/photos.app.goo.gl\/4seVFbscobqRch596\" target=\"_blank\" rel=\"noopener\">FOTOGRAFIES<\/a><\/p>\n<p>Els taurons d&#8217;I5<\/p>\n<p><a href=\"https:\/\/photos.app.goo.gl\/4seVFbscobqRch596\" target=\"_blank\" rel=\"noopener\"><img loading=\"lazy\" decoding=\"async\" class=\"alignnone wp-image-8659\" src=\"https:\/\/agora.xtec.cat\/ceip-agsantandreu\/wp-content\/uploads\/usu37\/2024\/12\/Captura-de-pantalla-2024-12-20-a-las-22.52.39-1024x520.png\" alt=\"\" width=\"680\" height=\"345\" srcset=\"https:\/\/agora.xtec.cat\/ceip-agsantandreu\/wp-content\/uploads\/usu37\/2024\/12\/Captura-de-pantalla-2024-12-20-a-las-22.52.39-1024x520.png 1024w, https:\/\/agora.xtec.cat\/ceip-agsantandreu\/wp-content\/uploads\/usu37\/2024\/12\/Captura-de-pantalla-2024-12-20-a-las-22.52.39-300x152.png 300w, https:\/\/agora.xtec.cat\/ceip-agsantandreu\/wp-content\/uploads\/usu37\/2024\/12\/Captura-de-pantalla-2024-12-20-a-las-22.52.39-768x390.png 768w, https:\/\/agora.xtec.cat\/ceip-agsantandreu\/wp-content\/uploads\/usu37\/2024\/12\/Captura-de-pantalla-2024-12-20-a-las-22.52.39.png 1348w\" sizes=\"auto, (max-width: 680px) 100vw, 680px\" \/><\/a><\/p>\n","protected":false},"excerpt":{"rendered":"<p>Hola fam\u00edlies,<br \/>\nAvui tanquem el 1r trimestre despr\u00e9s de molts dies plens d&#8217;emocions i sorpreses.<br \/>\nFa uns dies vam trobar el Ti\u00f3 de la classe i l&#8217;hem estat cuidant i alimentant molt\u00edssim fins que avui per fi l&#8217;hem fet cagar.<br \/>\nA m\u00e9s, ahir ens va visitar el Patge&hellip;  <a href=\"https:\/\/agora.xtec.cat\/ceip-agsantandreu\/general\/ultims-dies-del-1r-trimestre-a-i5\/\" title=\"Read \u00daltims dies del 1r trimestre a I5\">Llegeix m\u00e9s\u00bb<\/a><\/p>\n","protected":false},"author":3,"featured_media":0,"comment_status":"open","ping_status":"closed","sticky":false,"template":"","format":"standard","meta":{"_bbp_topic_count":0,"_bbp_reply_count":0,"_bbp_total_topic_count":0,"_bbp_total_reply_count":0,"_bbp_voice_count":0,"_bbp_anonymous_reply_count":0,"_bbp_topic_count_hidden":0,"_bbp_reply_count_hidden":0,"_bbp_forum_subforum_count":0,"footnotes":""},"categories":[2,1,4],"tags":[],"class_list":["post-8635","post","type-post","status-publish","format-standard","hentry","category-petits","category-general","category-portada"],"post_mailing_queue_ids":[],"_links":{"self":[{"href":"https:\/\/agora.xtec.cat\/ceip-agsantandreu\/wp-json\/wp\/v2\/posts\/8635","targetHints":{"allow":["GET"]}}],"collection":[{"href":"https:\/\/agora.xtec.cat\/ceip-agsantandreu\/wp-json\/wp\/v2\/posts"}],"about":[{"href":"https:\/\/agora.xtec.cat\/ceip-agsantandreu\/wp-json\/wp\/v2\/types\/post"}],"author":[{"embeddable":true,"href":"https:\/\/agora.xtec.cat\/ceip-agsantandreu\/wp-json\/wp\/v2\/users\/3"}],"replies":[{"embeddable":true,"href":"https:\/\/agora.xtec.cat\/ceip-agsantandreu\/wp-json\/wp\/v2\/comments?post=8635"}],"version-history":[{"count":3,"href":"https:\/\/agora.xtec.cat\/ceip-agsantandreu\/wp-json\/wp\/v2\/posts\/8635\/revisions"}],"predecessor-version":[{"id":8660,"href":"https:\/\/agora.xtec.cat\/ceip-agsantandreu\/wp-json\/wp\/v2\/posts\/8635\/revisions\/8660"}],"wp:attachment":[{"href":"https:\/\/agora.xtec.cat\/ceip-agsantandreu\/wp-json\/wp\/v2\/media?parent=8635"}],"wp:term":[{"taxonomy":"category","embeddable":true,"href":"https:\/\/agora.xtec.cat\/ceip-agsantandreu\/wp-json\/wp\/v2\/categories?post=8635"},{"taxonomy":"post_tag","embeddable":true,"href":"https:\/\/agora.xtec.cat\/ceip-agsantandreu\/wp-json\/wp\/v2\/tags?post=8635"}],"curies":[{"name":"wp","href":"https:\/\/api.w.org\/{rel}","templated":true}]}}