{"id":8628,"date":"2024-12-19T09:51:36","date_gmt":"2024-12-19T08:51:36","guid":{"rendered":"https:\/\/agora.xtec.cat\/ceip-agsantandreu\/?p=8628"},"modified":"2024-12-19T09:51:36","modified_gmt":"2024-12-19T08:51:36","slug":"misteri-del-tio-a-1r","status":"publish","type":"post","link":"https:\/\/agora.xtec.cat\/ceip-agsantandreu\/general\/misteri-del-tio-a-1r\/","title":{"rendered":"Misteri del Ti\u00f3 a 1r"},"content":{"rendered":"<p>Hola fam\u00edlies!<\/p>\n<p>Aquesta setmana ha desaparegut el Ti\u00f3 de 1r i hem hagut de contractar a un detectiu especialista en Misteris Nadalencs per a qu\u00e8 ens ajud\u00e9s a resoldre l&#8217;enigma. Entre tots els nens i nenes hem anat resolent les pistes que ens ha deixat el detectiu per tal de trobar el nostre Ti\u00f3. Finalment, vam trobar al Ti\u00f3 fent tombarelles i jugant a l&#8217;aula de psicomotricitat. Va ser molt divertit!!\u00a0<a href=\"https:\/\/photos.app.goo.gl\/HYvqtKN6G5RiJp7h8\" target=\"_blank\" rel=\"noopener\">FOTOGRAFIES<\/a><\/p>\n<p><a href=\"https:\/\/agora.xtec.cat\/ceip-agsantandreu\/wp-content\/uploads\/usu37\/2024\/12\/IMG-20241219-WA0042.jpg\"><img loading=\"lazy\" decoding=\"async\" class=\"wp-image-8629 aligncenter\" src=\"https:\/\/agora.xtec.cat\/ceip-agsantandreu\/wp-content\/uploads\/usu37\/2024\/12\/IMG-20241219-WA0042-1024x576.jpg\" alt=\"\" width=\"302\" height=\"170\" srcset=\"https:\/\/agora.xtec.cat\/ceip-agsantandreu\/wp-content\/uploads\/usu37\/2024\/12\/IMG-20241219-WA0042-1024x576.jpg 1024w, https:\/\/agora.xtec.cat\/ceip-agsantandreu\/wp-content\/uploads\/usu37\/2024\/12\/IMG-20241219-WA0042-300x169.jpg 300w, https:\/\/agora.xtec.cat\/ceip-agsantandreu\/wp-content\/uploads\/usu37\/2024\/12\/IMG-20241219-WA0042-768x432.jpg 768w, https:\/\/agora.xtec.cat\/ceip-agsantandreu\/wp-content\/uploads\/usu37\/2024\/12\/IMG-20241219-WA0042-1536x864.jpg 1536w, https:\/\/agora.xtec.cat\/ceip-agsantandreu\/wp-content\/uploads\/usu37\/2024\/12\/IMG-20241219-WA0042.jpg 1600w\" sizes=\"auto, (max-width: 302px) 100vw, 302px\" \/><\/a><\/p>\n<p>&nbsp;<\/p>\n","protected":false},"excerpt":{"rendered":"<p>Hola fam\u00edlies!<br \/>\nAquesta setmana ha desaparegut el Ti\u00f3 de 1r i hem hagut de contractar a un detectiu especialista en Misteris Nadalencs per a qu\u00e8 ens ajud\u00e9s a resoldre l&#8217;enigma. Entre tots els nens i nenes hem anat resolent les pistes que ens ha deixat el&hellip;  <a href=\"https:\/\/agora.xtec.cat\/ceip-agsantandreu\/general\/misteri-del-tio-a-1r\/\" title=\"Read Misteri del Ti\u00f3 a 1r\">Llegeix m\u00e9s\u00bb<\/a><\/p>\n","protected":false},"author":3,"featured_media":0,"comment_status":"closed","ping_status":"closed","sticky":false,"template":"","format":"standard","meta":{"_bbp_topic_count":0,"_bbp_reply_count":0,"_bbp_total_topic_count":0,"_bbp_total_reply_count":0,"_bbp_voice_count":0,"_bbp_anonymous_reply_count":0,"_bbp_topic_count_hidden":0,"_bbp_reply_count_hidden":0,"_bbp_forum_subforum_count":0,"footnotes":""},"categories":[5,1,4],"tags":[],"class_list":["post-8628","post","type-post","status-publish","format-standard","hentry","category-mitjans","category-general","category-portada"],"post_mailing_queue_ids":[],"_links":{"self":[{"href":"https:\/\/agora.xtec.cat\/ceip-agsantandreu\/wp-json\/wp\/v2\/posts\/8628","targetHints":{"allow":["GET"]}}],"collection":[{"href":"https:\/\/agora.xtec.cat\/ceip-agsantandreu\/wp-json\/wp\/v2\/posts"}],"about":[{"href":"https:\/\/agora.xtec.cat\/ceip-agsantandreu\/wp-json\/wp\/v2\/types\/post"}],"author":[{"embeddable":true,"href":"https:\/\/agora.xtec.cat\/ceip-agsantandreu\/wp-json\/wp\/v2\/users\/3"}],"replies":[{"embeddable":true,"href":"https:\/\/agora.xtec.cat\/ceip-agsantandreu\/wp-json\/wp\/v2\/comments?post=8628"}],"version-history":[{"count":1,"href":"https:\/\/agora.xtec.cat\/ceip-agsantandreu\/wp-json\/wp\/v2\/posts\/8628\/revisions"}],"predecessor-version":[{"id":8630,"href":"https:\/\/agora.xtec.cat\/ceip-agsantandreu\/wp-json\/wp\/v2\/posts\/8628\/revisions\/8630"}],"wp:attachment":[{"href":"https:\/\/agora.xtec.cat\/ceip-agsantandreu\/wp-json\/wp\/v2\/media?parent=8628"}],"wp:term":[{"taxonomy":"category","embeddable":true,"href":"https:\/\/agora.xtec.cat\/ceip-agsantandreu\/wp-json\/wp\/v2\/categories?post=8628"},{"taxonomy":"post_tag","embeddable":true,"href":"https:\/\/agora.xtec.cat\/ceip-agsantandreu\/wp-json\/wp\/v2\/tags?post=8628"}],"curies":[{"name":"wp","href":"https:\/\/api.w.org\/{rel}","templated":true}]}}