{"id":8624,"date":"2024-12-18T08:30:28","date_gmt":"2024-12-18T07:30:28","guid":{"rendered":"https:\/\/agora.xtec.cat\/ceip-agsantandreu\/?p=8624"},"modified":"2024-12-17T23:08:26","modified_gmt":"2024-12-17T22:08:26","slug":"els-pops-di4","status":"publish","type":"post","link":"https:\/\/agora.xtec.cat\/ceip-agsantandreu\/general\/els-pops-di4\/","title":{"rendered":"Els pops d&#8217;I4"},"content":{"rendered":"<p>Benvolgudes fam\u00edlies,<\/p>\n<p>Aquest trimestre hem estat treballant la situaci\u00f3 d&#8217;aprenentatge dels pops. Els nens i nenes han gaudit molt\u00edssim en totes les activitats! Aqu\u00ed podeu veure alguna foto que juntament amb el treball que portaran a casa aquest dijous us podreu fer una idea de tot el que hem gaudit i apr\u00e8s. Tot va comen\u00e7ar quan un dia al mat\u00ed va apar\u00e8ixer un pop al pati amb un missatge&#8230; li vam posar nom i de seguida vam fer-li el seu rac\u00f3.<\/p>\n<p>Ara ja ens hem fet experts en pops tamb\u00e9 amb el vostre ajut fam\u00edlies!<\/p>\n<p><a href=\"https:\/\/photos.app.goo.gl\/YnVsTytU6rvBv1vj8\" target=\"_blank\" rel=\"noopener\">FOTOGRAFIES<\/a><\/p>\n<p>Una abra\u00e7ada,<\/p>\n<p>Els pops d&#8217;I4<\/p>\n<p><a href=\"https:\/\/photos.app.goo.gl\/YnVsTytU6rvBv1vj8\" target=\"_blank\" rel=\"noopener\"><img loading=\"lazy\" decoding=\"async\" class=\"alignnone wp-image-8625\" src=\"https:\/\/agora.xtec.cat\/ceip-agsantandreu\/wp-content\/uploads\/usu37\/2024\/12\/ed1681c9-e400-4b1b-9414-731efb0d98cb-1024x768.jpg\" alt=\"\" width=\"781\" height=\"586\" srcset=\"https:\/\/agora.xtec.cat\/ceip-agsantandreu\/wp-content\/uploads\/usu37\/2024\/12\/ed1681c9-e400-4b1b-9414-731efb0d98cb-1024x768.jpg 1024w, https:\/\/agora.xtec.cat\/ceip-agsantandreu\/wp-content\/uploads\/usu37\/2024\/12\/ed1681c9-e400-4b1b-9414-731efb0d98cb-300x225.jpg 300w, https:\/\/agora.xtec.cat\/ceip-agsantandreu\/wp-content\/uploads\/usu37\/2024\/12\/ed1681c9-e400-4b1b-9414-731efb0d98cb-768x576.jpg 768w, https:\/\/agora.xtec.cat\/ceip-agsantandreu\/wp-content\/uploads\/usu37\/2024\/12\/ed1681c9-e400-4b1b-9414-731efb0d98cb-1536x1152.jpg 1536w, https:\/\/agora.xtec.cat\/ceip-agsantandreu\/wp-content\/uploads\/usu37\/2024\/12\/ed1681c9-e400-4b1b-9414-731efb0d98cb-200x150.jpg 200w, https:\/\/agora.xtec.cat\/ceip-agsantandreu\/wp-content\/uploads\/usu37\/2024\/12\/ed1681c9-e400-4b1b-9414-731efb0d98cb.jpg 1600w\" sizes=\"auto, (max-width: 781px) 100vw, 781px\" \/><\/a><\/p>\n","protected":false},"excerpt":{"rendered":"<p>Benvolgudes fam\u00edlies,<br \/>\nAquest trimestre hem estat treballant la situaci\u00f3 d&#8217;aprenentatge dels pops. Els nens i nenes han gaudit molt\u00edssim en totes les activitats! Aqu\u00ed podeu veure alguna foto que juntament amb el treball que portaran a casa aquest dijous us podreu fer una idea de tot&hellip;  <a href=\"https:\/\/agora.xtec.cat\/ceip-agsantandreu\/general\/els-pops-di4\/\" title=\"Read Els pops d&#8217;I4\">Llegeix m\u00e9s\u00bb<\/a><\/p>\n","protected":false},"author":3,"featured_media":0,"comment_status":"open","ping_status":"closed","sticky":false,"template":"","format":"standard","meta":{"_bbp_topic_count":0,"_bbp_reply_count":0,"_bbp_total_topic_count":0,"_bbp_total_reply_count":0,"_bbp_voice_count":0,"_bbp_anonymous_reply_count":0,"_bbp_topic_count_hidden":0,"_bbp_reply_count_hidden":0,"_bbp_forum_subforum_count":0,"footnotes":""},"categories":[2,1,4],"tags":[],"class_list":["post-8624","post","type-post","status-publish","format-standard","hentry","category-petits","category-general","category-portada"],"post_mailing_queue_ids":[],"_links":{"self":[{"href":"https:\/\/agora.xtec.cat\/ceip-agsantandreu\/wp-json\/wp\/v2\/posts\/8624","targetHints":{"allow":["GET"]}}],"collection":[{"href":"https:\/\/agora.xtec.cat\/ceip-agsantandreu\/wp-json\/wp\/v2\/posts"}],"about":[{"href":"https:\/\/agora.xtec.cat\/ceip-agsantandreu\/wp-json\/wp\/v2\/types\/post"}],"author":[{"embeddable":true,"href":"https:\/\/agora.xtec.cat\/ceip-agsantandreu\/wp-json\/wp\/v2\/users\/3"}],"replies":[{"embeddable":true,"href":"https:\/\/agora.xtec.cat\/ceip-agsantandreu\/wp-json\/wp\/v2\/comments?post=8624"}],"version-history":[{"count":2,"href":"https:\/\/agora.xtec.cat\/ceip-agsantandreu\/wp-json\/wp\/v2\/posts\/8624\/revisions"}],"predecessor-version":[{"id":8627,"href":"https:\/\/agora.xtec.cat\/ceip-agsantandreu\/wp-json\/wp\/v2\/posts\/8624\/revisions\/8627"}],"wp:attachment":[{"href":"https:\/\/agora.xtec.cat\/ceip-agsantandreu\/wp-json\/wp\/v2\/media?parent=8624"}],"wp:term":[{"taxonomy":"category","embeddable":true,"href":"https:\/\/agora.xtec.cat\/ceip-agsantandreu\/wp-json\/wp\/v2\/categories?post=8624"},{"taxonomy":"post_tag","embeddable":true,"href":"https:\/\/agora.xtec.cat\/ceip-agsantandreu\/wp-json\/wp\/v2\/tags?post=8624"}],"curies":[{"name":"wp","href":"https:\/\/api.w.org\/{rel}","templated":true}]}}