{"id":8612,"date":"2024-12-10T15:43:37","date_gmt":"2024-12-10T14:43:37","guid":{"rendered":"https:\/\/agora.xtec.cat\/ceip-agsantandreu\/?p=8612"},"modified":"2024-12-10T15:43:37","modified_gmt":"2024-12-10T14:43:37","slug":"sortida-colonia-guell-amb-6e","status":"publish","type":"post","link":"https:\/\/agora.xtec.cat\/ceip-agsantandreu\/general\/sortida-colonia-guell-amb-6e\/","title":{"rendered":"Sortida Col\u00f2nia G\u00fcell amb 6\u00e8"},"content":{"rendered":"<p><a href=\"https:\/\/photos.app.goo.gl\/GA5mT9zPwrZrHiuc8\" target=\"_blank\" rel=\"noopener\"><img loading=\"lazy\" decoding=\"async\" class=\"aligncenter wp-image-8614 size-large\" src=\"https:\/\/agora.xtec.cat\/ceip-agsantandreu\/wp-content\/uploads\/usu37\/2024\/12\/WhatsApp-Image-2024-12-05-at-14.50.27-1-1024x577.jpeg\" alt=\"\" width=\"1024\" height=\"577\" srcset=\"https:\/\/agora.xtec.cat\/ceip-agsantandreu\/wp-content\/uploads\/usu37\/2024\/12\/WhatsApp-Image-2024-12-05-at-14.50.27-1-1024x577.jpeg 1024w, https:\/\/agora.xtec.cat\/ceip-agsantandreu\/wp-content\/uploads\/usu37\/2024\/12\/WhatsApp-Image-2024-12-05-at-14.50.27-1-300x169.jpeg 300w, https:\/\/agora.xtec.cat\/ceip-agsantandreu\/wp-content\/uploads\/usu37\/2024\/12\/WhatsApp-Image-2024-12-05-at-14.50.27-1-768x432.jpeg 768w, https:\/\/agora.xtec.cat\/ceip-agsantandreu\/wp-content\/uploads\/usu37\/2024\/12\/WhatsApp-Image-2024-12-05-at-14.50.27-1-1536x865.jpeg 1536w, https:\/\/agora.xtec.cat\/ceip-agsantandreu\/wp-content\/uploads\/usu37\/2024\/12\/WhatsApp-Image-2024-12-05-at-14.50.27-1.jpeg 1600w\" sizes=\"auto, (max-width: 1024px) 100vw, 1024px\" \/><\/a><\/p>\n<p>El passat dijous vam anar a visitar la Col\u00f2nia G\u00fcell. Vam con\u00e8ixer de primera m\u00e0 molts aspectes de l&#8217;etapa de la Revoluci\u00f3 industrial, tan important a Catalunya. Sobretot el paper de la fam\u00edlia G\u00fcell i la seva connexi\u00f3 amb el Modernisme, el moviment art\u00edstic de l&#8217;\u00e8poca liderat per l&#8217;Antoni Gaud\u00ed.<\/p>\n<p><a href=\"https:\/\/photos.app.goo.gl\/GA5mT9zPwrZrHiuc8\" target=\"_blank\" rel=\"noopener\">Aqu\u00ed us deixem unes imatges de la sortida!<\/a><\/p>\n","protected":false},"excerpt":{"rendered":"<p><a href=\"https:\/\/photos.app.goo.gl\/GA5mT9zPwrZrHiuc8\" target=\"_blank\" rel=\"noopener\"><\/a><br \/>\nEl passat dijous vam anar a visitar la Col\u00f2nia G\u00fcell. Vam con\u00e8ixer de primera m\u00e0 molts aspectes de l&#8217;etapa de la Revoluci\u00f3 industrial, tan important a Catalunya. Sobretot el paper de la fam\u00edlia G\u00fcell i la seva connexi\u00f3 amb el Modernisme, el&hellip;  <a href=\"https:\/\/agora.xtec.cat\/ceip-agsantandreu\/general\/sortida-colonia-guell-amb-6e\/\" title=\"Read Sortida Col\u00f2nia G\u00fcell amb 6\u00e8\">Llegeix m\u00e9s\u00bb<\/a><\/p>\n","protected":false},"author":1,"featured_media":0,"comment_status":"closed","ping_status":"closed","sticky":false,"template":"","format":"standard","meta":{"_bbp_topic_count":0,"_bbp_reply_count":0,"_bbp_total_topic_count":0,"_bbp_total_reply_count":0,"_bbp_voice_count":0,"_bbp_anonymous_reply_count":0,"_bbp_topic_count_hidden":0,"_bbp_reply_count_hidden":0,"_bbp_forum_subforum_count":0,"footnotes":""},"categories":[59,1,4],"tags":[],"class_list":["post-8612","post","type-post","status-publish","format-standard","hentry","category-grans","category-general","category-portada"],"post_mailing_queue_ids":[],"_links":{"self":[{"href":"https:\/\/agora.xtec.cat\/ceip-agsantandreu\/wp-json\/wp\/v2\/posts\/8612","targetHints":{"allow":["GET"]}}],"collection":[{"href":"https:\/\/agora.xtec.cat\/ceip-agsantandreu\/wp-json\/wp\/v2\/posts"}],"about":[{"href":"https:\/\/agora.xtec.cat\/ceip-agsantandreu\/wp-json\/wp\/v2\/types\/post"}],"author":[{"embeddable":true,"href":"https:\/\/agora.xtec.cat\/ceip-agsantandreu\/wp-json\/wp\/v2\/users\/1"}],"replies":[{"embeddable":true,"href":"https:\/\/agora.xtec.cat\/ceip-agsantandreu\/wp-json\/wp\/v2\/comments?post=8612"}],"version-history":[{"count":1,"href":"https:\/\/agora.xtec.cat\/ceip-agsantandreu\/wp-json\/wp\/v2\/posts\/8612\/revisions"}],"predecessor-version":[{"id":8615,"href":"https:\/\/agora.xtec.cat\/ceip-agsantandreu\/wp-json\/wp\/v2\/posts\/8612\/revisions\/8615"}],"wp:attachment":[{"href":"https:\/\/agora.xtec.cat\/ceip-agsantandreu\/wp-json\/wp\/v2\/media?parent=8612"}],"wp:term":[{"taxonomy":"category","embeddable":true,"href":"https:\/\/agora.xtec.cat\/ceip-agsantandreu\/wp-json\/wp\/v2\/categories?post=8612"},{"taxonomy":"post_tag","embeddable":true,"href":"https:\/\/agora.xtec.cat\/ceip-agsantandreu\/wp-json\/wp\/v2\/tags?post=8612"}],"curies":[{"name":"wp","href":"https:\/\/api.w.org\/{rel}","templated":true}]}}