{"id":8589,"date":"2024-12-02T21:17:48","date_gmt":"2024-12-02T20:17:48","guid":{"rendered":"https:\/\/agora.xtec.cat\/ceip-agsantandreu\/?p=8589"},"modified":"2024-12-02T21:17:48","modified_gmt":"2024-12-02T20:17:48","slug":"els-nens-i-nenes-di5b-observem-peixos-de-ben-a-prop","status":"publish","type":"post","link":"https:\/\/agora.xtec.cat\/ceip-agsantandreu\/general\/els-nens-i-nenes-di5b-observem-peixos-de-ben-a-prop\/","title":{"rendered":"Els nens i nenes d&#8217;I5B observem peixos de ben a prop!"},"content":{"rendered":"<p>Fa uns dies van venir unes mares de la classe per ensenyar-nos com \u00e9s un peix per dins&#8230; hem vist totes les seves parts de ben a prop i ens ho hem passat d&#8217;all\u00f2 m\u00e9s b\u00e9!<\/p>\n<p>Gr\u00e0cies fam\u00edlies.<\/p>\n<p>Cliqueu el seg\u00fcent enlla\u00e7 per veure les fotografies:<\/p>\n<p><a href=\"https:\/\/photos.app.goo.gl\/kVxQYdwNqzg525eW7\" target=\"_blank\" rel=\"noopener\">FOTOGRAFIES<\/a><\/p>\n<p><a href=\"https:\/\/photos.app.goo.gl\/kVxQYdwNqzg525eW7\" target=\"_blank\" rel=\"noopener\"><img loading=\"lazy\" decoding=\"async\" class=\"alignnone wp-image-8590\" src=\"https:\/\/agora.xtec.cat\/ceip-agsantandreu\/wp-content\/uploads\/usu37\/2024\/12\/800ccd3b-5890-4147-b087-aca842329465-1024x768.jpg\" alt=\"\" width=\"677\" height=\"508\" srcset=\"https:\/\/agora.xtec.cat\/ceip-agsantandreu\/wp-content\/uploads\/usu37\/2024\/12\/800ccd3b-5890-4147-b087-aca842329465-1024x768.jpg 1024w, https:\/\/agora.xtec.cat\/ceip-agsantandreu\/wp-content\/uploads\/usu37\/2024\/12\/800ccd3b-5890-4147-b087-aca842329465-300x225.jpg 300w, https:\/\/agora.xtec.cat\/ceip-agsantandreu\/wp-content\/uploads\/usu37\/2024\/12\/800ccd3b-5890-4147-b087-aca842329465-768x576.jpg 768w, https:\/\/agora.xtec.cat\/ceip-agsantandreu\/wp-content\/uploads\/usu37\/2024\/12\/800ccd3b-5890-4147-b087-aca842329465-1536x1152.jpg 1536w, https:\/\/agora.xtec.cat\/ceip-agsantandreu\/wp-content\/uploads\/usu37\/2024\/12\/800ccd3b-5890-4147-b087-aca842329465-200x150.jpg 200w, https:\/\/agora.xtec.cat\/ceip-agsantandreu\/wp-content\/uploads\/usu37\/2024\/12\/800ccd3b-5890-4147-b087-aca842329465.jpg 2048w\" sizes=\"auto, (max-width: 677px) 100vw, 677px\" \/><\/a><\/p>\n","protected":false},"excerpt":{"rendered":"<p>Fa uns dies van venir unes mares de la classe per ensenyar-nos com \u00e9s un peix per dins&#8230; hem vist totes les seves parts de ben a prop i ens ho hem passat d&#8217;all\u00f2 m\u00e9s b\u00e9!<br \/>\nGr\u00e0cies fam\u00edlies.<br \/>\nCliqueu el seg\u00fcent enlla\u00e7 per veure les fotografies:<br \/>\n<a href=\"https:\/\/photos.app.goo.gl\/kVxQYdwNqzg525eW7\"&hellip;  <a href=\"https:\/\/agora.xtec.cat\/ceip-agsantandreu\/general\/els-nens-i-nenes-di5b-observem-peixos-de-ben-a-prop\/\" title=\"Read Els nens i nenes d&#8217;I5B observem peixos de ben a prop!\">Llegeix m\u00e9s\u00bb<\/a><\/p>\n","protected":false},"author":3,"featured_media":0,"comment_status":"open","ping_status":"closed","sticky":false,"template":"","format":"standard","meta":{"_bbp_topic_count":0,"_bbp_reply_count":0,"_bbp_total_topic_count":0,"_bbp_total_reply_count":0,"_bbp_voice_count":0,"_bbp_anonymous_reply_count":0,"_bbp_topic_count_hidden":0,"_bbp_reply_count_hidden":0,"_bbp_forum_subforum_count":0,"footnotes":""},"categories":[2,1,4],"tags":[],"class_list":["post-8589","post","type-post","status-publish","format-standard","hentry","category-petits","category-general","category-portada"],"post_mailing_queue_ids":[],"_links":{"self":[{"href":"https:\/\/agora.xtec.cat\/ceip-agsantandreu\/wp-json\/wp\/v2\/posts\/8589","targetHints":{"allow":["GET"]}}],"collection":[{"href":"https:\/\/agora.xtec.cat\/ceip-agsantandreu\/wp-json\/wp\/v2\/posts"}],"about":[{"href":"https:\/\/agora.xtec.cat\/ceip-agsantandreu\/wp-json\/wp\/v2\/types\/post"}],"author":[{"embeddable":true,"href":"https:\/\/agora.xtec.cat\/ceip-agsantandreu\/wp-json\/wp\/v2\/users\/3"}],"replies":[{"embeddable":true,"href":"https:\/\/agora.xtec.cat\/ceip-agsantandreu\/wp-json\/wp\/v2\/comments?post=8589"}],"version-history":[{"count":1,"href":"https:\/\/agora.xtec.cat\/ceip-agsantandreu\/wp-json\/wp\/v2\/posts\/8589\/revisions"}],"predecessor-version":[{"id":8591,"href":"https:\/\/agora.xtec.cat\/ceip-agsantandreu\/wp-json\/wp\/v2\/posts\/8589\/revisions\/8591"}],"wp:attachment":[{"href":"https:\/\/agora.xtec.cat\/ceip-agsantandreu\/wp-json\/wp\/v2\/media?parent=8589"}],"wp:term":[{"taxonomy":"category","embeddable":true,"href":"https:\/\/agora.xtec.cat\/ceip-agsantandreu\/wp-json\/wp\/v2\/categories?post=8589"},{"taxonomy":"post_tag","embeddable":true,"href":"https:\/\/agora.xtec.cat\/ceip-agsantandreu\/wp-json\/wp\/v2\/tags?post=8589"}],"curies":[{"name":"wp","href":"https:\/\/api.w.org\/{rel}","templated":true}]}}