{"id":8560,"date":"2024-11-13T09:26:12","date_gmt":"2024-11-13T08:26:12","guid":{"rendered":"https:\/\/agora.xtec.cat\/ceip-agsantandreu\/?p=8560"},"modified":"2024-11-13T09:26:48","modified_gmt":"2024-11-13T08:26:48","slug":"inventores-i-inventors-de-6e","status":"publish","type":"post","link":"https:\/\/agora.xtec.cat\/ceip-agsantandreu\/general\/inventores-i-inventors-de-6e\/","title":{"rendered":"Inventores i Inventors de 6\u00e8"},"content":{"rendered":"<p><a href=\"https:\/\/photos.app.goo.gl\/tDjoMTiY8AnBLT9c7\" target=\"_blank\" rel=\"noopener\"><img loading=\"lazy\" decoding=\"async\" class=\"aligncenter wp-image-8562 size-large\" src=\"https:\/\/agora.xtec.cat\/ceip-agsantandreu\/wp-content\/uploads\/usu37\/2024\/11\/WhatsApp-Image-2024-11-12-at-17.40.01-9-1024x768.jpeg\" alt=\"\" width=\"1024\" height=\"768\" srcset=\"https:\/\/agora.xtec.cat\/ceip-agsantandreu\/wp-content\/uploads\/usu37\/2024\/11\/WhatsApp-Image-2024-11-12-at-17.40.01-9-1024x768.jpeg 1024w, https:\/\/agora.xtec.cat\/ceip-agsantandreu\/wp-content\/uploads\/usu37\/2024\/11\/WhatsApp-Image-2024-11-12-at-17.40.01-9-300x225.jpeg 300w, https:\/\/agora.xtec.cat\/ceip-agsantandreu\/wp-content\/uploads\/usu37\/2024\/11\/WhatsApp-Image-2024-11-12-at-17.40.01-9-768x576.jpeg 768w, https:\/\/agora.xtec.cat\/ceip-agsantandreu\/wp-content\/uploads\/usu37\/2024\/11\/WhatsApp-Image-2024-11-12-at-17.40.01-9-1536x1152.jpeg 1536w, https:\/\/agora.xtec.cat\/ceip-agsantandreu\/wp-content\/uploads\/usu37\/2024\/11\/WhatsApp-Image-2024-11-12-at-17.40.01-9-200x150.jpeg 200w, https:\/\/agora.xtec.cat\/ceip-agsantandreu\/wp-content\/uploads\/usu37\/2024\/11\/WhatsApp-Image-2024-11-12-at-17.40.01-9.jpeg 2048w\" sizes=\"auto, (max-width: 1024px) 100vw, 1024px\" \/><\/a><\/p>\n<p>Ahir, l&#8217;alumnat de 6\u00e8 de Prim\u00e0ria, vam representar les biografies dels inventors i inventores de l&#8217;Edat Contempor\u00e0nia treballades en el darrer mes. Ha estat un proc\u00e9s interessant per arribar a un resultat on hem gaudit molt de l&#8217;experi\u00e8ncia. Agra\u00efm la visita de les nostres fam\u00edlies. Entre tots i totes ho hem fet possible!<\/p>\n<p><a href=\"https:\/\/photos.app.goo.gl\/tDjoMTiY8AnBLT9c7\" target=\"_blank\" rel=\"noopener\">Aqu\u00ed us deixem unes imatges de l&#8217;activitat.<\/a><\/p>\n","protected":false},"excerpt":{"rendered":"<p><a href=\"https:\/\/photos.app.goo.gl\/tDjoMTiY8AnBLT9c7\" target=\"_blank\" rel=\"noopener\"><\/a><br \/>\nAhir, l&#8217;alumnat de 6\u00e8 de Prim\u00e0ria, vam representar les biografies dels inventors i inventores de l&#8217;Edat Contempor\u00e0nia treballades en el darrer mes. Ha estat un proc\u00e9s interessant per arribar a un resultat on hem gaudit molt de l&#8217;experi\u00e8ncia. Agra\u00efm la visita de&hellip;  <a href=\"https:\/\/agora.xtec.cat\/ceip-agsantandreu\/general\/inventores-i-inventors-de-6e\/\" title=\"Read Inventores i Inventors de 6\u00e8\">Llegeix m\u00e9s\u00bb<\/a><\/p>\n","protected":false},"author":1,"featured_media":0,"comment_status":"closed","ping_status":"closed","sticky":false,"template":"","format":"standard","meta":{"_bbp_topic_count":0,"_bbp_reply_count":0,"_bbp_total_topic_count":0,"_bbp_total_reply_count":0,"_bbp_voice_count":0,"_bbp_anonymous_reply_count":0,"_bbp_topic_count_hidden":0,"_bbp_reply_count_hidden":0,"_bbp_forum_subforum_count":0,"footnotes":""},"categories":[59,1,4],"tags":[],"class_list":["post-8560","post","type-post","status-publish","format-standard","hentry","category-grans","category-general","category-portada"],"post_mailing_queue_ids":[],"_links":{"self":[{"href":"https:\/\/agora.xtec.cat\/ceip-agsantandreu\/wp-json\/wp\/v2\/posts\/8560","targetHints":{"allow":["GET"]}}],"collection":[{"href":"https:\/\/agora.xtec.cat\/ceip-agsantandreu\/wp-json\/wp\/v2\/posts"}],"about":[{"href":"https:\/\/agora.xtec.cat\/ceip-agsantandreu\/wp-json\/wp\/v2\/types\/post"}],"author":[{"embeddable":true,"href":"https:\/\/agora.xtec.cat\/ceip-agsantandreu\/wp-json\/wp\/v2\/users\/1"}],"replies":[{"embeddable":true,"href":"https:\/\/agora.xtec.cat\/ceip-agsantandreu\/wp-json\/wp\/v2\/comments?post=8560"}],"version-history":[{"count":2,"href":"https:\/\/agora.xtec.cat\/ceip-agsantandreu\/wp-json\/wp\/v2\/posts\/8560\/revisions"}],"predecessor-version":[{"id":8564,"href":"https:\/\/agora.xtec.cat\/ceip-agsantandreu\/wp-json\/wp\/v2\/posts\/8560\/revisions\/8564"}],"wp:attachment":[{"href":"https:\/\/agora.xtec.cat\/ceip-agsantandreu\/wp-json\/wp\/v2\/media?parent=8560"}],"wp:term":[{"taxonomy":"category","embeddable":true,"href":"https:\/\/agora.xtec.cat\/ceip-agsantandreu\/wp-json\/wp\/v2\/categories?post=8560"},{"taxonomy":"post_tag","embeddable":true,"href":"https:\/\/agora.xtec.cat\/ceip-agsantandreu\/wp-json\/wp\/v2\/tags?post=8560"}],"curies":[{"name":"wp","href":"https:\/\/api.w.org\/{rel}","templated":true}]}}