{"id":8551,"date":"2024-10-30T18:54:32","date_gmt":"2024-10-30T17:54:32","guid":{"rendered":"https:\/\/agora.xtec.cat\/ceip-agsantandreu\/?p=8551"},"modified":"2024-11-08T19:13:38","modified_gmt":"2024-11-08T18:13:38","slug":"exposicio-de-maquetes","status":"publish","type":"post","link":"https:\/\/agora.xtec.cat\/ceip-agsantandreu\/general\/exposicio-de-maquetes\/","title":{"rendered":"Exposici\u00f3 de maquetes!"},"content":{"rendered":"<p>Les fam\u00edlies visiten l&#8217;exposici\u00f3 de maquetes de l&#8217;alumnat de 5\u00e8 i 6\u00e8. Totes elles van quedar sorpreses amb la feinada realitzada.<\/p>\n<p>L&#8217;exposici\u00f3 mostrava maquetes de la Tardor i de Halloween.<\/p>\n<p>Moltes gr\u00e0cies fam\u00edlies per la vostra assist\u00e8ncia!<\/p>\n<p><a href=\"https:\/\/photos.app.goo.gl\/AoXveJB8U6pn2Dxu7\" target=\"_blank\" rel=\"noopener\">Visita de les fam\u00edlies a l&#8217;exposici\u00f3<\/a><\/p>\n<p><a href=\"https:\/\/photos.app.goo.gl\/AoXveJB8U6pn2Dxu7\" target=\"_blank\" rel=\"noopener\"><img loading=\"lazy\" decoding=\"async\" class=\"aligncenter wp-image-8554 size-large\" src=\"https:\/\/agora.xtec.cat\/ceip-agsantandreu\/wp-content\/uploads\/usu37\/2024\/11\/WhatsApp-Image-2024-10-30-at-16.36.48-1024x576.jpeg\" alt=\"\" width=\"1024\" height=\"576\" srcset=\"https:\/\/agora.xtec.cat\/ceip-agsantandreu\/wp-content\/uploads\/usu37\/2024\/11\/WhatsApp-Image-2024-10-30-at-16.36.48-1024x576.jpeg 1024w, https:\/\/agora.xtec.cat\/ceip-agsantandreu\/wp-content\/uploads\/usu37\/2024\/11\/WhatsApp-Image-2024-10-30-at-16.36.48-300x169.jpeg 300w, https:\/\/agora.xtec.cat\/ceip-agsantandreu\/wp-content\/uploads\/usu37\/2024\/11\/WhatsApp-Image-2024-10-30-at-16.36.48-768x432.jpeg 768w, https:\/\/agora.xtec.cat\/ceip-agsantandreu\/wp-content\/uploads\/usu37\/2024\/11\/WhatsApp-Image-2024-10-30-at-16.36.48-1536x864.jpeg 1536w, https:\/\/agora.xtec.cat\/ceip-agsantandreu\/wp-content\/uploads\/usu37\/2024\/11\/WhatsApp-Image-2024-10-30-at-16.36.48.jpeg 2048w\" sizes=\"auto, (max-width: 1024px) 100vw, 1024px\" \/><\/a><\/p>\n","protected":false},"excerpt":{"rendered":"<p>Les fam\u00edlies visiten l&#8217;exposici\u00f3 de maquetes de l&#8217;alumnat de 5\u00e8 i 6\u00e8. Totes elles van quedar sorpreses amb la feinada realitzada.<br \/>\nL&#8217;exposici\u00f3 mostrava maquetes de la Tardor i de Halloween.<br \/>\nMoltes gr\u00e0cies fam\u00edlies per la vostra assist\u00e8ncia!<br \/>\n<a href=\"https:\/\/photos.app.goo.gl\/AoXveJB8U6pn2Dxu7\" target=\"_blank\" rel=\"noopener\">Visita de les fam\u00edlies a l&#8217;exposici\u00f3<\/a><br \/>\n<a href=\"https:\/\/photos.app.goo.gl\/AoXveJB8U6pn2Dxu7\" target=\"_blank\"&hellip;  <a href=\"https:\/\/agora.xtec.cat\/ceip-agsantandreu\/general\/exposicio-de-maquetes\/\" title=\"Read Exposici\u00f3 de maquetes!\">Llegeix m\u00e9s\u00bb<\/a><\/p>\n","protected":false},"author":1,"featured_media":0,"comment_status":"closed","ping_status":"closed","sticky":false,"template":"","format":"standard","meta":{"_bbp_topic_count":0,"_bbp_reply_count":0,"_bbp_total_topic_count":0,"_bbp_total_reply_count":0,"_bbp_voice_count":0,"_bbp_anonymous_reply_count":0,"_bbp_topic_count_hidden":0,"_bbp_reply_count_hidden":0,"_bbp_forum_subforum_count":0,"footnotes":""},"categories":[59,1,4],"tags":[],"class_list":["post-8551","post","type-post","status-publish","format-standard","hentry","category-grans","category-general","category-portada"],"post_mailing_queue_ids":[],"_links":{"self":[{"href":"https:\/\/agora.xtec.cat\/ceip-agsantandreu\/wp-json\/wp\/v2\/posts\/8551","targetHints":{"allow":["GET"]}}],"collection":[{"href":"https:\/\/agora.xtec.cat\/ceip-agsantandreu\/wp-json\/wp\/v2\/posts"}],"about":[{"href":"https:\/\/agora.xtec.cat\/ceip-agsantandreu\/wp-json\/wp\/v2\/types\/post"}],"author":[{"embeddable":true,"href":"https:\/\/agora.xtec.cat\/ceip-agsantandreu\/wp-json\/wp\/v2\/users\/1"}],"replies":[{"embeddable":true,"href":"https:\/\/agora.xtec.cat\/ceip-agsantandreu\/wp-json\/wp\/v2\/comments?post=8551"}],"version-history":[{"count":1,"href":"https:\/\/agora.xtec.cat\/ceip-agsantandreu\/wp-json\/wp\/v2\/posts\/8551\/revisions"}],"predecessor-version":[{"id":8555,"href":"https:\/\/agora.xtec.cat\/ceip-agsantandreu\/wp-json\/wp\/v2\/posts\/8551\/revisions\/8555"}],"wp:attachment":[{"href":"https:\/\/agora.xtec.cat\/ceip-agsantandreu\/wp-json\/wp\/v2\/media?parent=8551"}],"wp:term":[{"taxonomy":"category","embeddable":true,"href":"https:\/\/agora.xtec.cat\/ceip-agsantandreu\/wp-json\/wp\/v2\/categories?post=8551"},{"taxonomy":"post_tag","embeddable":true,"href":"https:\/\/agora.xtec.cat\/ceip-agsantandreu\/wp-json\/wp\/v2\/tags?post=8551"}],"curies":[{"name":"wp","href":"https:\/\/api.w.org\/{rel}","templated":true}]}}