{"id":8546,"date":"2024-10-30T18:44:56","date_gmt":"2024-10-30T17:44:56","guid":{"rendered":"https:\/\/agora.xtec.cat\/ceip-agsantandreu\/?p=8546"},"modified":"2024-11-08T18:53:17","modified_gmt":"2024-11-08T17:53:17","slug":"la-tardor-a-infantil","status":"publish","type":"post","link":"https:\/\/agora.xtec.cat\/ceip-agsantandreu\/general\/la-tardor-a-infantil\/","title":{"rendered":"La tardor a Infantil"},"content":{"rendered":"<p>L&#8217;alumnat d&#8217;Infantil ha visitat les maquetes realitzades pels alumnes de 5\u00e8 i 6\u00e8. Unes maquetes molt elaborades, algunes ambientades en la tardor i d&#8217;altres molt terror\u00edfiques amb la tem\u00e0tica del Halloween.<\/p>\n<p>Tamb\u00e9 s&#8217;han fet fotos de grup amb la Castanyera i el seu gat Marrameu!<\/p>\n<p><a href=\"https:\/\/photos.app.goo.gl\/GpTDuL8XsXM7ny4U7\" target=\"_blank\" rel=\"noopener\">Fotos dels grups d&#8217;infantil<\/a><\/p>\n<p><a href=\"https:\/\/photos.app.goo.gl\/GpTDuL8XsXM7ny4U7\" target=\"_blank\" rel=\"noopener\"><img loading=\"lazy\" decoding=\"async\" class=\"aligncenter wp-image-8548 size-large\" src=\"https:\/\/agora.xtec.cat\/ceip-agsantandreu\/wp-content\/uploads\/usu37\/2024\/11\/WhatsApp-Image-2024-10-30-at-18.41.03-1024x768.jpeg\" alt=\"\" width=\"1024\" height=\"768\" srcset=\"https:\/\/agora.xtec.cat\/ceip-agsantandreu\/wp-content\/uploads\/usu37\/2024\/11\/WhatsApp-Image-2024-10-30-at-18.41.03-1024x768.jpeg 1024w, https:\/\/agora.xtec.cat\/ceip-agsantandreu\/wp-content\/uploads\/usu37\/2024\/11\/WhatsApp-Image-2024-10-30-at-18.41.03-300x225.jpeg 300w, https:\/\/agora.xtec.cat\/ceip-agsantandreu\/wp-content\/uploads\/usu37\/2024\/11\/WhatsApp-Image-2024-10-30-at-18.41.03-768x576.jpeg 768w, https:\/\/agora.xtec.cat\/ceip-agsantandreu\/wp-content\/uploads\/usu37\/2024\/11\/WhatsApp-Image-2024-10-30-at-18.41.03-1536x1152.jpeg 1536w, https:\/\/agora.xtec.cat\/ceip-agsantandreu\/wp-content\/uploads\/usu37\/2024\/11\/WhatsApp-Image-2024-10-30-at-18.41.03-200x150.jpeg 200w, https:\/\/agora.xtec.cat\/ceip-agsantandreu\/wp-content\/uploads\/usu37\/2024\/11\/WhatsApp-Image-2024-10-30-at-18.41.03.jpeg 2048w\" sizes=\"auto, (max-width: 1024px) 100vw, 1024px\" \/><\/a><\/p>\n","protected":false},"excerpt":{"rendered":"<p>L&#8217;alumnat d&#8217;Infantil ha visitat les maquetes realitzades pels alumnes de 5\u00e8 i 6\u00e8. Unes maquetes molt elaborades, algunes ambientades en la tardor i d&#8217;altres molt terror\u00edfiques amb la tem\u00e0tica del Halloween.<br \/>\nTamb\u00e9 s&#8217;han fet fotos de grup amb la Castanyera i el seu gat Marrameu!<br \/>\n<a href=\"https:\/\/photos.app.goo.gl\/GpTDuL8XsXM7ny4U7\"&hellip;  <a href=\"https:\/\/agora.xtec.cat\/ceip-agsantandreu\/general\/la-tardor-a-infantil\/\" title=\"Read La tardor a Infantil\">Llegeix m\u00e9s\u00bb<\/a><\/p>\n","protected":false},"author":1,"featured_media":0,"comment_status":"closed","ping_status":"closed","sticky":false,"template":"","format":"standard","meta":{"_bbp_topic_count":0,"_bbp_reply_count":0,"_bbp_total_topic_count":0,"_bbp_total_reply_count":0,"_bbp_voice_count":0,"_bbp_anonymous_reply_count":0,"_bbp_topic_count_hidden":0,"_bbp_reply_count_hidden":0,"_bbp_forum_subforum_count":0,"footnotes":""},"categories":[2,1,4],"tags":[],"class_list":["post-8546","post","type-post","status-publish","format-standard","hentry","category-petits","category-general","category-portada"],"post_mailing_queue_ids":[],"_links":{"self":[{"href":"https:\/\/agora.xtec.cat\/ceip-agsantandreu\/wp-json\/wp\/v2\/posts\/8546","targetHints":{"allow":["GET"]}}],"collection":[{"href":"https:\/\/agora.xtec.cat\/ceip-agsantandreu\/wp-json\/wp\/v2\/posts"}],"about":[{"href":"https:\/\/agora.xtec.cat\/ceip-agsantandreu\/wp-json\/wp\/v2\/types\/post"}],"author":[{"embeddable":true,"href":"https:\/\/agora.xtec.cat\/ceip-agsantandreu\/wp-json\/wp\/v2\/users\/1"}],"replies":[{"embeddable":true,"href":"https:\/\/agora.xtec.cat\/ceip-agsantandreu\/wp-json\/wp\/v2\/comments?post=8546"}],"version-history":[{"count":1,"href":"https:\/\/agora.xtec.cat\/ceip-agsantandreu\/wp-json\/wp\/v2\/posts\/8546\/revisions"}],"predecessor-version":[{"id":8549,"href":"https:\/\/agora.xtec.cat\/ceip-agsantandreu\/wp-json\/wp\/v2\/posts\/8546\/revisions\/8549"}],"wp:attachment":[{"href":"https:\/\/agora.xtec.cat\/ceip-agsantandreu\/wp-json\/wp\/v2\/media?parent=8546"}],"wp:term":[{"taxonomy":"category","embeddable":true,"href":"https:\/\/agora.xtec.cat\/ceip-agsantandreu\/wp-json\/wp\/v2\/categories?post=8546"},{"taxonomy":"post_tag","embeddable":true,"href":"https:\/\/agora.xtec.cat\/ceip-agsantandreu\/wp-json\/wp\/v2\/tags?post=8546"}],"curies":[{"name":"wp","href":"https:\/\/api.w.org\/{rel}","templated":true}]}}