{"id":8542,"date":"2024-10-30T18:37:16","date_gmt":"2024-10-30T17:37:16","guid":{"rendered":"https:\/\/agora.xtec.cat\/ceip-agsantandreu\/?p=8542"},"modified":"2024-11-08T18:43:56","modified_gmt":"2024-11-08T17:43:56","slug":"maquetes-de-tardor-5e","status":"publish","type":"post","link":"https:\/\/agora.xtec.cat\/ceip-agsantandreu\/general\/maquetes-de-tardor-5e\/","title":{"rendered":"Maquetes de tardor 5\u00e8"},"content":{"rendered":"<p>Els alumnes de 5\u00e8 han fet unes maquetes de tardor precioses amb l&#8217;ajut de les seves fam\u00edlies. L&#8217;\u00e8xit de participaci\u00f3 ha estat excepcional i han quedat unes composicions d&#8217;all\u00f2 m\u00e9s elaborat.<\/p>\n<p>Felicitats artistes!<\/p>\n<p><a href=\"https:\/\/photos.app.goo.gl\/Pi5mbR9fVmeD41Pu7\" target=\"_blank\" rel=\"noopener\">Aqu\u00ed us deixem unes imatges per poder veure-les totes!<\/a><\/p>\n<p><a href=\"https:\/\/photos.app.goo.gl\/Pi5mbR9fVmeD41Pu7\" target=\"_blank\" rel=\"noopener\"><br \/>\n<img loading=\"lazy\" decoding=\"async\" class=\"aligncenter wp-image-8543 size-large\" src=\"https:\/\/agora.xtec.cat\/ceip-agsantandreu\/wp-content\/uploads\/usu37\/2024\/11\/WhatsApp-Image-2024-10-31-at-06.46.13-3-1024x768.jpeg\" alt=\"\" width=\"1024\" height=\"768\" srcset=\"https:\/\/agora.xtec.cat\/ceip-agsantandreu\/wp-content\/uploads\/usu37\/2024\/11\/WhatsApp-Image-2024-10-31-at-06.46.13-3-1024x768.jpeg 1024w, https:\/\/agora.xtec.cat\/ceip-agsantandreu\/wp-content\/uploads\/usu37\/2024\/11\/WhatsApp-Image-2024-10-31-at-06.46.13-3-300x225.jpeg 300w, https:\/\/agora.xtec.cat\/ceip-agsantandreu\/wp-content\/uploads\/usu37\/2024\/11\/WhatsApp-Image-2024-10-31-at-06.46.13-3-768x576.jpeg 768w, https:\/\/agora.xtec.cat\/ceip-agsantandreu\/wp-content\/uploads\/usu37\/2024\/11\/WhatsApp-Image-2024-10-31-at-06.46.13-3-1536x1152.jpeg 1536w, https:\/\/agora.xtec.cat\/ceip-agsantandreu\/wp-content\/uploads\/usu37\/2024\/11\/WhatsApp-Image-2024-10-31-at-06.46.13-3-200x150.jpeg 200w, https:\/\/agora.xtec.cat\/ceip-agsantandreu\/wp-content\/uploads\/usu37\/2024\/11\/WhatsApp-Image-2024-10-31-at-06.46.13-3.jpeg 1600w\" sizes=\"auto, (max-width: 1024px) 100vw, 1024px\" \/><\/a><\/p>\n","protected":false},"excerpt":{"rendered":"<p>Els alumnes de 5\u00e8 han fet unes maquetes de tardor precioses amb l&#8217;ajut de les seves fam\u00edlies. L&#8217;\u00e8xit de participaci\u00f3 ha estat excepcional i han quedat unes composicions d&#8217;all\u00f2 m\u00e9s elaborat.<br \/>\nFelicitats artistes!<br \/>\n<a href=\"https:\/\/photos.app.goo.gl\/Pi5mbR9fVmeD41Pu7\" target=\"_blank\" rel=\"noopener\">Aqu\u00ed us deixem unes imatges per poder veure-les totes!<\/a><br \/>\n<a href=\"https:\/\/photos.app.goo.gl\/Pi5mbR9fVmeD41Pu7\" target=\"_blank\"&hellip;  <a href=\"https:\/\/agora.xtec.cat\/ceip-agsantandreu\/general\/maquetes-de-tardor-5e\/\" title=\"Read Maquetes de tardor 5\u00e8\">Llegeix m\u00e9s\u00bb<\/a><\/p>\n","protected":false},"author":1,"featured_media":0,"comment_status":"closed","ping_status":"closed","sticky":false,"template":"","format":"standard","meta":{"_bbp_topic_count":0,"_bbp_reply_count":0,"_bbp_total_topic_count":0,"_bbp_total_reply_count":0,"_bbp_voice_count":0,"_bbp_anonymous_reply_count":0,"_bbp_topic_count_hidden":0,"_bbp_reply_count_hidden":0,"_bbp_forum_subforum_count":0,"footnotes":""},"categories":[59,1,4],"tags":[],"class_list":["post-8542","post","type-post","status-publish","format-standard","hentry","category-grans","category-general","category-portada"],"post_mailing_queue_ids":[],"_links":{"self":[{"href":"https:\/\/agora.xtec.cat\/ceip-agsantandreu\/wp-json\/wp\/v2\/posts\/8542","targetHints":{"allow":["GET"]}}],"collection":[{"href":"https:\/\/agora.xtec.cat\/ceip-agsantandreu\/wp-json\/wp\/v2\/posts"}],"about":[{"href":"https:\/\/agora.xtec.cat\/ceip-agsantandreu\/wp-json\/wp\/v2\/types\/post"}],"author":[{"embeddable":true,"href":"https:\/\/agora.xtec.cat\/ceip-agsantandreu\/wp-json\/wp\/v2\/users\/1"}],"replies":[{"embeddable":true,"href":"https:\/\/agora.xtec.cat\/ceip-agsantandreu\/wp-json\/wp\/v2\/comments?post=8542"}],"version-history":[{"count":2,"href":"https:\/\/agora.xtec.cat\/ceip-agsantandreu\/wp-json\/wp\/v2\/posts\/8542\/revisions"}],"predecessor-version":[{"id":8545,"href":"https:\/\/agora.xtec.cat\/ceip-agsantandreu\/wp-json\/wp\/v2\/posts\/8542\/revisions\/8545"}],"wp:attachment":[{"href":"https:\/\/agora.xtec.cat\/ceip-agsantandreu\/wp-json\/wp\/v2\/media?parent=8542"}],"wp:term":[{"taxonomy":"category","embeddable":true,"href":"https:\/\/agora.xtec.cat\/ceip-agsantandreu\/wp-json\/wp\/v2\/categories?post=8542"},{"taxonomy":"post_tag","embeddable":true,"href":"https:\/\/agora.xtec.cat\/ceip-agsantandreu\/wp-json\/wp\/v2\/tags?post=8542"}],"curies":[{"name":"wp","href":"https:\/\/api.w.org\/{rel}","templated":true}]}}