{"id":8504,"date":"2024-10-30T10:58:23","date_gmt":"2024-10-30T09:58:23","guid":{"rendered":"https:\/\/agora.xtec.cat\/ceip-agsantandreu\/?p=8504"},"modified":"2024-10-30T11:00:24","modified_gmt":"2024-10-30T10:00:24","slug":"passaport-edunauta","status":"publish","type":"post","link":"https:\/\/agora.xtec.cat\/ceip-agsantandreu\/general\/passaport-edunauta\/","title":{"rendered":"PASSAPORT EDUNAUTA"},"content":{"rendered":"<p style=\"margin: 0cm 0cm 15.0pt 0cm;\"><span style=\"font-family: 'Arial',sans-serif;\">Ahir vam rebre la visita d&#8217;una astronauta que venia a donar-nos un missatge des de l&#8217;espai estel\u00b7lar.<\/span><\/p>\n<p style=\"margin: 0cm 0cm 15.0pt 0cm;\"><span style=\"font-family: 'Arial',sans-serif;\">L&#8217;astronauta Nau, que aix\u00ed es deia, ens ha portat un passaport per viatjar per un munt d&#8217;activitats que es realitzaran al nostra municipi i que ens permetran gaudir d&#8217;experi\u00e8ncies c\u00f2smiques m\u00e9s enll\u00e0 d&#8217;all\u00f2 conegut, experi\u00e8ncies espacials d\u2019aprenentatge que es realitzaran a diversos equipaments, entitats i espais del nostre territori.<\/span><\/p>\n<p style=\"margin: 0cm 0cm 15.0pt 0cm;\"><span style=\"font-family: 'Arial',sans-serif;\">Les experi\u00e8ncies d\u2019aprenentatge s\u2019articularan a partir de diverses activitats educatives que estaran connectades a trav\u00e9s d\u2019una narrativa comuna, la gal\u00e0xia dels aprenentatges invisibles dels edunautes. A m\u00e9s, les activitats permetran desenvolupar 9 superpoders (nou compet\u00e8ncies que els permeten aprendre millor, tals com la creativitat, el treball en equip, la resoluci\u00f3 de problemes\u2026).<\/span><\/p>\n<p style=\"box-sizing: border-box; text-rendering: optimizelegibility; font-variant-ligatures: normal; font-variant-caps: normal; orphans: 2; text-align: start; widows: 2; -webkit-text-stroke-width: 0px; text-decoration-thickness: initial; text-decoration-style: initial; text-decoration-color: initial; word-spacing: 0px; margin: 0cm 0cm 15.0pt 0cm;\"><span style=\"font-family: 'Arial',sans-serif;\">L\u2019objectiu del Passaport Edunauta \u00e9s doble. En primer lloc, busca multiplicar les oportunitats educatives dels nostres infants durant el seu temps lliure. I, en segon lloc, tamb\u00e9 vol visualitzar i recon\u00e8ixer tots aquells aprenentatges invisibles que hi ha darrere de qualsevol activitat educativa, amb independ\u00e8ncia que es faci tant a casa com a l\u2019escola, durant les activitats extraescolars o jugant a les places o al pati. Recordem que els infants aprenen en tot moment i a tot arreu!<\/span><\/p>\n<p style=\"box-sizing: border-box; text-rendering: optimizelegibility; font-variant-ligatures: normal; font-variant-caps: normal; orphans: 2; text-align: start; widows: 2; -webkit-text-stroke-width: 0px; text-decoration-thickness: initial; text-decoration-style: initial; text-decoration-color: initial; word-spacing: 0px; margin: 0cm 0cm 15.0pt 0cm;\"><span style=\"font-family: 'Arial',sans-serif;\">Cada vegada que els infants vagin a fer una activitat oferta dins del cat\u00e0leg del Passaport Edunauta\u00a0<span style=\"box-sizing: border-box;\">hauran de portar el seu passaport per tal que els hi segellin l\u2019activitat.<\/span><\/span><\/p>\n<p style=\"box-sizing: border-box; text-rendering: optimizelegibility; font-variant-ligatures: normal; font-variant-caps: normal; orphans: 2; text-align: start; widows: 2; -webkit-text-stroke-width: 0px; text-decoration-thickness: initial; text-decoration-style: initial; text-decoration-color: initial; word-spacing: 0px; margin: 0cm 0cm 15.0pt 0cm;\"><span style=\"font-family: 'Arial',sans-serif;\"><span style=\"box-sizing: border-box;\">\u00a0<a href=\"https:\/\/photos.app.goo.gl\/2oKY3aCEFMVhFUT56\" target=\"_blank\" rel=\"noopener\">FOTOGRAFIES DE LA VISITA ESPACIAL<\/a><\/span><\/span><\/p>\n<p><a href=\"https:\/\/photos.app.goo.gl\/2oKY3aCEFMVhFUT56\" target=\"_blank\" rel=\"noopener\"><img loading=\"lazy\" decoding=\"async\" class=\"aligncenter wp-image-8506 size-large\" src=\"https:\/\/agora.xtec.cat\/ceip-agsantandreu\/wp-content\/uploads\/usu37\/2024\/10\/WhatsApp-Image-2024-10-30-at-09.51.05-3-1024x1024.jpeg\" alt=\"\" width=\"1024\" height=\"1024\" srcset=\"https:\/\/agora.xtec.cat\/ceip-agsantandreu\/wp-content\/uploads\/usu37\/2024\/10\/WhatsApp-Image-2024-10-30-at-09.51.05-3-1024x1024.jpeg 1024w, https:\/\/agora.xtec.cat\/ceip-agsantandreu\/wp-content\/uploads\/usu37\/2024\/10\/WhatsApp-Image-2024-10-30-at-09.51.05-3-300x300.jpeg 300w, https:\/\/agora.xtec.cat\/ceip-agsantandreu\/wp-content\/uploads\/usu37\/2024\/10\/WhatsApp-Image-2024-10-30-at-09.51.05-3-150x150.jpeg 150w, https:\/\/agora.xtec.cat\/ceip-agsantandreu\/wp-content\/uploads\/usu37\/2024\/10\/WhatsApp-Image-2024-10-30-at-09.51.05-3-768x768.jpeg 768w, https:\/\/agora.xtec.cat\/ceip-agsantandreu\/wp-content\/uploads\/usu37\/2024\/10\/WhatsApp-Image-2024-10-30-at-09.51.05-3.jpeg 1500w\" sizes=\"auto, (max-width: 1024px) 100vw, 1024px\" \/><\/a><\/p>\n<p><span style=\"font-family: 'Arial',sans-serif;\">\u00a0<\/span><\/p>\n","protected":false},"excerpt":{"rendered":"<p>Ahir vam rebre la visita d&#8217;una astronauta que venia a donar-nos un missatge des de l&#8217;espai estel\u00b7lar.<br \/>\nL&#8217;astronauta Nau, que aix\u00ed es deia, ens ha portat un passaport per viatjar per un munt d&#8217;activitats que es realitzaran al nostra municipi i que ens permetran gaudir d&#8217;experi\u00e8ncies&hellip;  <a href=\"https:\/\/agora.xtec.cat\/ceip-agsantandreu\/general\/passaport-edunauta\/\" title=\"Read PASSAPORT EDUNAUTA\">Llegeix m\u00e9s\u00bb<\/a><\/p>\n","protected":false},"author":1,"featured_media":0,"comment_status":"closed","ping_status":"closed","sticky":false,"template":"","format":"standard","meta":{"_bbp_topic_count":0,"_bbp_reply_count":0,"_bbp_total_topic_count":0,"_bbp_total_reply_count":0,"_bbp_voice_count":0,"_bbp_anonymous_reply_count":0,"_bbp_topic_count_hidden":0,"_bbp_reply_count_hidden":0,"_bbp_forum_subforum_count":0,"footnotes":""},"categories":[58,1,4],"tags":[],"class_list":["post-8504","post","type-post","status-publish","format-standard","hentry","category-mitjans-mitjans","category-general","category-portada"],"post_mailing_queue_ids":[],"_links":{"self":[{"href":"https:\/\/agora.xtec.cat\/ceip-agsantandreu\/wp-json\/wp\/v2\/posts\/8504","targetHints":{"allow":["GET"]}}],"collection":[{"href":"https:\/\/agora.xtec.cat\/ceip-agsantandreu\/wp-json\/wp\/v2\/posts"}],"about":[{"href":"https:\/\/agora.xtec.cat\/ceip-agsantandreu\/wp-json\/wp\/v2\/types\/post"}],"author":[{"embeddable":true,"href":"https:\/\/agora.xtec.cat\/ceip-agsantandreu\/wp-json\/wp\/v2\/users\/1"}],"replies":[{"embeddable":true,"href":"https:\/\/agora.xtec.cat\/ceip-agsantandreu\/wp-json\/wp\/v2\/comments?post=8504"}],"version-history":[{"count":2,"href":"https:\/\/agora.xtec.cat\/ceip-agsantandreu\/wp-json\/wp\/v2\/posts\/8504\/revisions"}],"predecessor-version":[{"id":8508,"href":"https:\/\/agora.xtec.cat\/ceip-agsantandreu\/wp-json\/wp\/v2\/posts\/8504\/revisions\/8508"}],"wp:attachment":[{"href":"https:\/\/agora.xtec.cat\/ceip-agsantandreu\/wp-json\/wp\/v2\/media?parent=8504"}],"wp:term":[{"taxonomy":"category","embeddable":true,"href":"https:\/\/agora.xtec.cat\/ceip-agsantandreu\/wp-json\/wp\/v2\/categories?post=8504"},{"taxonomy":"post_tag","embeddable":true,"href":"https:\/\/agora.xtec.cat\/ceip-agsantandreu\/wp-json\/wp\/v2\/tags?post=8504"}],"curies":[{"name":"wp","href":"https:\/\/api.w.org\/{rel}","templated":true}]}}