{"id":8489,"date":"2024-10-25T16:08:33","date_gmt":"2024-10-25T14:08:33","guid":{"rendered":"https:\/\/agora.xtec.cat\/ceip-agsantandreu\/?p=8489"},"modified":"2024-10-25T16:08:33","modified_gmt":"2024-10-25T14:08:33","slug":"visita-a-la-fundacio-joan-miro","status":"publish","type":"post","link":"https:\/\/agora.xtec.cat\/ceip-agsantandreu\/general\/visita-a-la-fundacio-joan-miro\/","title":{"rendered":"Visita a la Fundaci\u00f3 Joan Mir\u00f3"},"content":{"rendered":"<p>Avui divendres, els nens i nenes de 1r hem visitat la Fundaci\u00f3 Joan Mir\u00f3 a Barcelona.\u00a0 Hem pogut veure alguna de les\u00a0 obres que hem treballat a classe sobre l&#8217;artista, per\u00f2 hi havia una que ens feia molta il\u00b7lusi\u00f3 veure i que no hem pogut perqu\u00e8 l&#8217;han traslladat a un altre museu temporalment com \u00e9s la &#8220;Parella d&#8217;enamorats&#8221;. Tamb\u00e9 hem fet un taller molt interessant sobre arquitectura i hem dinat a un parc molt a prop de la Fundaci\u00f3. Hem apr\u00e9s m\u00e9s coses sobre Joan Mir\u00f3\u00a0 i ho hem passat molt b\u00e9.<a href=\"https:\/\/agora.xtec.cat\/ceip-agsantandreu\/wp-content\/uploads\/usu37\/2024\/10\/portada.png\"><img loading=\"lazy\" decoding=\"async\" class=\"aligncenter wp-image-8490\" src=\"https:\/\/agora.xtec.cat\/ceip-agsantandreu\/wp-content\/uploads\/usu37\/2024\/10\/portada.png\" alt=\"\" width=\"425\" height=\"318\" srcset=\"https:\/\/agora.xtec.cat\/ceip-agsantandreu\/wp-content\/uploads\/usu37\/2024\/10\/portada.png 800w, https:\/\/agora.xtec.cat\/ceip-agsantandreu\/wp-content\/uploads\/usu37\/2024\/10\/portada-300x224.png 300w, https:\/\/agora.xtec.cat\/ceip-agsantandreu\/wp-content\/uploads\/usu37\/2024\/10\/portada-768x574.png 768w, https:\/\/agora.xtec.cat\/ceip-agsantandreu\/wp-content\/uploads\/usu37\/2024\/10\/portada-200x150.png 200w\" sizes=\"auto, (max-width: 425px) 100vw, 425px\" \/><\/a><\/p>\n<p style=\"text-align: center;\"><a href=\"https:\/\/photos.app.goo.gl\/FhVPVVP8W9L4mkDn7\" target=\"_blank\" rel=\"noopener\">FOTOGRAFIES<\/a><\/p>\n<p><a href=\"https:\/\/agora.xtec.cat\/ceip-agsantandreu\/wp-content\/uploads\/usu37\/2024\/10\/portada.png\">\u00a0<\/a><\/p>\n","protected":false},"excerpt":{"rendered":"<p>Avui divendres, els nens i nenes de 1r hem visitat la Fundaci\u00f3 Joan Mir\u00f3 a Barcelona.\u00a0 Hem pogut veure alguna de les\u00a0 obres que hem treballat a classe sobre l&#8217;artista, per\u00f2 hi havia una que ens feia molta il\u00b7lusi\u00f3 veure i que no hem pogut&hellip;  <a href=\"https:\/\/agora.xtec.cat\/ceip-agsantandreu\/general\/visita-a-la-fundacio-joan-miro\/\" title=\"Read Visita a la Fundaci\u00f3 Joan Mir\u00f3\">Llegeix m\u00e9s\u00bb<\/a><\/p>\n","protected":false},"author":1,"featured_media":0,"comment_status":"closed","ping_status":"closed","sticky":false,"template":"","format":"standard","meta":{"_bbp_topic_count":0,"_bbp_reply_count":0,"_bbp_total_topic_count":0,"_bbp_total_reply_count":0,"_bbp_voice_count":0,"_bbp_anonymous_reply_count":0,"_bbp_topic_count_hidden":0,"_bbp_reply_count_hidden":0,"_bbp_forum_subforum_count":0,"footnotes":""},"categories":[5,57,1,4],"tags":[],"class_list":["post-8489","post","type-post","status-publish","format-standard","hentry","category-mitjans","category-comunitats","category-general","category-portada"],"post_mailing_queue_ids":[],"_links":{"self":[{"href":"https:\/\/agora.xtec.cat\/ceip-agsantandreu\/wp-json\/wp\/v2\/posts\/8489","targetHints":{"allow":["GET"]}}],"collection":[{"href":"https:\/\/agora.xtec.cat\/ceip-agsantandreu\/wp-json\/wp\/v2\/posts"}],"about":[{"href":"https:\/\/agora.xtec.cat\/ceip-agsantandreu\/wp-json\/wp\/v2\/types\/post"}],"author":[{"embeddable":true,"href":"https:\/\/agora.xtec.cat\/ceip-agsantandreu\/wp-json\/wp\/v2\/users\/1"}],"replies":[{"embeddable":true,"href":"https:\/\/agora.xtec.cat\/ceip-agsantandreu\/wp-json\/wp\/v2\/comments?post=8489"}],"version-history":[{"count":2,"href":"https:\/\/agora.xtec.cat\/ceip-agsantandreu\/wp-json\/wp\/v2\/posts\/8489\/revisions"}],"predecessor-version":[{"id":8492,"href":"https:\/\/agora.xtec.cat\/ceip-agsantandreu\/wp-json\/wp\/v2\/posts\/8489\/revisions\/8492"}],"wp:attachment":[{"href":"https:\/\/agora.xtec.cat\/ceip-agsantandreu\/wp-json\/wp\/v2\/media?parent=8489"}],"wp:term":[{"taxonomy":"category","embeddable":true,"href":"https:\/\/agora.xtec.cat\/ceip-agsantandreu\/wp-json\/wp\/v2\/categories?post=8489"},{"taxonomy":"post_tag","embeddable":true,"href":"https:\/\/agora.xtec.cat\/ceip-agsantandreu\/wp-json\/wp\/v2\/tags?post=8489"}],"curies":[{"name":"wp","href":"https:\/\/api.w.org\/{rel}","templated":true}]}}